{"id":22182,"date":"2021-07-30T09:36:28","date_gmt":"2021-07-30T09:36:28","guid":{"rendered":"https:\/\/blogdorogeriogomes.com.br\/?p=22182"},"modified":"2021-07-30T11:10:21","modified_gmt":"2021-07-30T11:10:21","slug":"fortaleza-ja-vacina-contra-a-covid-19-as-pessoas-nascidas-ate-julho-de-1995","status":"publish","type":"post","link":"https:\/\/blogdorogeriogomes.com.br\/noticias\/2021\/07\/fortaleza-ja-vacina-contra-a-covid-19-as-pessoas-nascidas-ate-julho-de-1995\/","title":{"rendered":"Fortaleza j\u00e1 vacina contra a Covid-19 as pessoas nascidas at\u00e9 julho de 1995"},"content":{"rendered":"\n<p>A Prefeitura de Fortaleza&nbsp;divulgou a lista de pessoas que est\u00e3o agendadas para receber a vacina contra a Covid-19&nbsp;nesta sexta-feira, dia 30 de julho. H\u00e1 pessoas agendadas para receber tanto a primeira dose, quanto a segunda dose e tamb\u00e9m gestantes e pu\u00e9rperas. Nesta sexta-feira, recebem o imunizante as pessoas nascidas at\u00e9 julho de 1995.<\/p>\n\n\n\n<p>No ato da vacina\u00e7\u00e3o, \u00e9 obrigat\u00f3rio apresentar documento de identidade original com foto, cart\u00e3o nacional de sa\u00fade (CNS) ou CPF e comprovante de endere\u00e7o no munic\u00edpio de Fortaleza.<\/p>\n\n\n\n<p>Durante o fim de semana est\u00e3o agendadas apenas pessoas que precisam tomar a segunda dose. Segundo o prefeito Jos\u00e9 Sarto Nogueira (PDT), a Capital aguarda o envio de novos lotes para retomar agendamentos de 1\u00aa dose.<\/p>\n\n\n\n<figure class=\"wp-block-image size-large\"><img loading=\"lazy\" decoding=\"async\" width=\"723\" height=\"424\" src=\"https:\/\/blogdorogeriogomes.com.br\/wp-content\/uploads\/2021\/07\/images-2021-07-30T063536.539.jpeg\" alt=\"\" class=\"wp-image-22183\" srcset=\"https:\/\/blogdorogeriogomes.com.br\/noticias\/wp-content\/uploads\/2021\/07\/images-2021-07-30T063536.539.jpeg 723w, https:\/\/blogdorogeriogomes.com.br\/noticias\/wp-content\/uploads\/2021\/07\/images-2021-07-30T063536.539-300x176.jpeg 300w\" sizes=\"auto, (max-width: 723px) 100vw, 723px\" \/><\/figure>\n","protected":false},"excerpt":{"rendered":"<p>A Prefeitura de Fortaleza&nbsp;divulgou a lista de pessoas que est\u00e3o agendadas para receber a vacina contra a Covid-19&nbsp;nesta sexta-feira, dia 30 de julho. H\u00e1 pessoas agendadas para receber tanto a primeira dose, quanto a segunda dose e tamb\u00e9m gestantes e pu\u00e9rperas. Nesta sexta-feira, recebem o imunizante as pessoas nascidas at\u00e9 julho de 1995. No ato da vacina\u00e7\u00e3o, \u00e9 obrigat\u00f3rio apresentar documento de identidade original com foto, cart\u00e3o nacional de sa\u00fade (CNS) ou CPF e comprovante de endere\u00e7o no munic\u00edpio&hellip;<\/p>\n","protected":false},"author":1,"featured_media":22183,"comment_status":"open","ping_status":"open","sticky":false,"template":"","format":"standard","meta":{"footnotes":""},"categories":[1],"tags":[],"class_list":["post-22182","post","type-post","status-publish","format-standard","has-post-thumbnail","hentry","category-noticias"],"_links":{"self":[{"href":"https:\/\/blogdorogeriogomes.com.br\/noticias\/wp-json\/wp\/v2\/posts\/22182","targetHints":{"allow":["GET"]}}],"collection":[{"href":"https:\/\/blogdorogeriogomes.com.br\/noticias\/wp-json\/wp\/v2\/posts"}],"about":[{"href":"https:\/\/blogdorogeriogomes.com.br\/noticias\/wp-json\/wp\/v2\/types\/post"}],"author":[{"embeddable":true,"href":"https:\/\/blogdorogeriogomes.com.br\/noticias\/wp-json\/wp\/v2\/users\/1"}],"replies":[{"embeddable":true,"href":"https:\/\/blogdorogeriogomes.com.br\/noticias\/wp-json\/wp\/v2\/comments?post=22182"}],"version-history":[{"count":2,"href":"https:\/\/blogdorogeriogomes.com.br\/noticias\/wp-json\/wp\/v2\/posts\/22182\/revisions"}],"predecessor-version":[{"id":22185,"href":"https:\/\/blogdorogeriogomes.com.br\/noticias\/wp-json\/wp\/v2\/posts\/22182\/revisions\/22185"}],"wp:featuredmedia":[{"embeddable":true,"href":"https:\/\/blogdorogeriogomes.com.br\/noticias\/wp-json\/wp\/v2\/media\/22183"}],"wp:attachment":[{"href":"https:\/\/blogdorogeriogomes.com.br\/noticias\/wp-json\/wp\/v2\/media?parent=22182"}],"wp:term":[{"taxonomy":"category","embeddable":true,"href":"https:\/\/blogdorogeriogomes.com.br\/noticias\/wp-json\/wp\/v2\/categories?post=22182"},{"taxonomy":"post_tag","embeddable":true,"href":"https:\/\/blogdorogeriogomes.com.br\/noticias\/wp-json\/wp\/v2\/tags?post=22182"}],"curies":[{"name":"wp","href":"https:\/\/api.w.org\/{rel}","templated":true}]}}