{"id":22186,"date":"2021-07-30T18:21:37","date_gmt":"2021-07-30T18:21:37","guid":{"rendered":"https:\/\/blogdorogeriogomes.com.br\/?p=22186"},"modified":"2021-08-01T11:51:28","modified_gmt":"2021-08-01T11:51:28","slug":"ceara-recebe-novo-lote-com-pfizer-e-coronavac-neste-fim-de-semana","status":"publish","type":"post","link":"https:\/\/blogdorogeriogomes.com.br\/noticias\/2021\/07\/ceara-recebe-novo-lote-com-pfizer-e-coronavac-neste-fim-de-semana\/","title":{"rendered":"Cear\u00e1 recebe novo lote com Pfizer e CoronaVac neste fim de semana"},"content":{"rendered":"\n<p>O governador Camilo Santana (PT) informou por meio de suas redes sociais, nesta sexta-feira, dia 30 de julho, que devem chegar ao Cear\u00e1 mais 319.960 doses de vacina contra Covid-19 durante o fim de semana. Ser\u00e3o mais 173.160 doses da vacina Pfizer e outras 146.800 doses da CoronaVac. Nesta semana, j\u00e1 foram recebidos no Estado 93.600 unidades de imunizantes para aplica\u00e7\u00e3o da primeira e da segunda dose na popula\u00e7\u00e3o cearense. Ao todo, o Cear\u00e1 j\u00e1 recebeu 6.542.868 doses e caminha para o 57\u00ba lote.<\/p>\n\n\n\n<p>&#8220;As vacinas nos permitir\u00e3o avan\u00e7ar ainda mais no processo de imuniza\u00e7\u00e3o dos cearenses&#8221;, afirmou Camilo Santana. A imuniza\u00e7\u00e3o avan\u00e7ou para 41,6% da popula\u00e7\u00e3o do Estado, com 3,8 milh\u00f5es de pessoas contempladas com a primeira dose e 1.595.174 que est\u00e3o imunizadas com as duas doses.<\/p>\n\n\n\n<p>Neste fim de semana, em Fortaleza, a Secretaria de Sa\u00fade do Munic\u00edpio s\u00f3 vai fazer a aplica\u00e7\u00e3o da segunda dose dos imunizantes. O agendamento para primeira dose s\u00f3 deve ser retomado na segunda-feira, dia 2 de agosto.<\/p>\n\n\n\n<figure class=\"wp-block-image size-large\"><img loading=\"lazy\" decoding=\"async\" width=\"1024\" height=\"683\" src=\"https:\/\/blogdorogeriogomes.com.br\/wp-content\/uploads\/2021\/07\/IMG-20210727-WA0085.jpg\" alt=\"\" class=\"wp-image-22187\" srcset=\"https:\/\/blogdorogeriogomes.com.br\/noticias\/wp-content\/uploads\/2021\/07\/IMG-20210727-WA0085.jpg 1024w, https:\/\/blogdorogeriogomes.com.br\/noticias\/wp-content\/uploads\/2021\/07\/IMG-20210727-WA0085-300x200.jpg 300w, https:\/\/blogdorogeriogomes.com.br\/noticias\/wp-content\/uploads\/2021\/07\/IMG-20210727-WA0085-768x512.jpg 768w, https:\/\/blogdorogeriogomes.com.br\/noticias\/wp-content\/uploads\/2021\/07\/IMG-20210727-WA0085-800x534.jpg 800w\" sizes=\"auto, (max-width: 1024px) 100vw, 1024px\" \/><\/figure>\n","protected":false},"excerpt":{"rendered":"<p>O governador Camilo Santana (PT) informou por meio de suas redes sociais, nesta sexta-feira, dia 30 de julho, que devem chegar ao Cear\u00e1 mais 319.960 doses de vacina contra Covid-19 durante o fim de semana. Ser\u00e3o mais 173.160 doses da vacina Pfizer e outras 146.800 doses da CoronaVac. Nesta semana, j\u00e1 foram recebidos no Estado 93.600 unidades de imunizantes para aplica\u00e7\u00e3o da primeira e da segunda dose na popula\u00e7\u00e3o cearense. Ao todo, o Cear\u00e1 j\u00e1 recebeu 6.542.868 doses e&hellip;<\/p>\n","protected":false},"author":1,"featured_media":22187,"comment_status":"open","ping_status":"open","sticky":false,"template":"","format":"standard","meta":{"footnotes":""},"categories":[1],"tags":[],"class_list":["post-22186","post","type-post","status-publish","format-standard","has-post-thumbnail","hentry","category-noticias"],"_links":{"self":[{"href":"https:\/\/blogdorogeriogomes.com.br\/noticias\/wp-json\/wp\/v2\/posts\/22186","targetHints":{"allow":["GET"]}}],"collection":[{"href":"https:\/\/blogdorogeriogomes.com.br\/noticias\/wp-json\/wp\/v2\/posts"}],"about":[{"href":"https:\/\/blogdorogeriogomes.com.br\/noticias\/wp-json\/wp\/v2\/types\/post"}],"author":[{"embeddable":true,"href":"https:\/\/blogdorogeriogomes.com.br\/noticias\/wp-json\/wp\/v2\/users\/1"}],"replies":[{"embeddable":true,"href":"https:\/\/blogdorogeriogomes.com.br\/noticias\/wp-json\/wp\/v2\/comments?post=22186"}],"version-history":[{"count":1,"href":"https:\/\/blogdorogeriogomes.com.br\/noticias\/wp-json\/wp\/v2\/posts\/22186\/revisions"}],"predecessor-version":[{"id":22188,"href":"https:\/\/blogdorogeriogomes.com.br\/noticias\/wp-json\/wp\/v2\/posts\/22186\/revisions\/22188"}],"wp:featuredmedia":[{"embeddable":true,"href":"https:\/\/blogdorogeriogomes.com.br\/noticias\/wp-json\/wp\/v2\/media\/22187"}],"wp:attachment":[{"href":"https:\/\/blogdorogeriogomes.com.br\/noticias\/wp-json\/wp\/v2\/media?parent=22186"}],"wp:term":[{"taxonomy":"category","embeddable":true,"href":"https:\/\/blogdorogeriogomes.com.br\/noticias\/wp-json\/wp\/v2\/categories?post=22186"},{"taxonomy":"post_tag","embeddable":true,"href":"https:\/\/blogdorogeriogomes.com.br\/noticias\/wp-json\/wp\/v2\/tags?post=22186"}],"curies":[{"name":"wp","href":"https:\/\/api.w.org\/{rel}","templated":true}]}}