{"id":22196,"date":"2021-07-31T14:48:33","date_gmt":"2021-07-31T14:48:33","guid":{"rendered":"https:\/\/blogdorogeriogomes.com.br\/?p=22196"},"modified":"2021-08-01T11:50:40","modified_gmt":"2021-08-01T11:50:40","slug":"numero-de-casos-e-mortes-por-covid-19-em-fortaleza-continua-em-queda","status":"publish","type":"post","link":"https:\/\/blogdorogeriogomes.com.br\/noticias\/2021\/07\/numero-de-casos-e-mortes-por-covid-19-em-fortaleza-continua-em-queda\/","title":{"rendered":"N\u00famero de casos e mortes por Covid-19 em Fortaleza continua em queda"},"content":{"rendered":"\n<p>De acordo com o \u00faltimo boletim epidemiol\u00f3gico divulgado pela Secretaria de Sa\u00fade de Fortaleza,  nesta sexta-feira, dia 30 de julho, o n\u00famero de casos e mortes por Covid-19 na Capital continua em queda. A redu\u00e7\u00e3o \u00e9 de 35% em rela\u00e7\u00e3o \u00e0s mortes e de 63,5% para os casos confirmados da doen\u00e7a. O avan\u00e7o na vacina\u00e7\u00e3o \u00e9 apontado como o maior fator para a queda nos n\u00fameros da pandemia, apesar do surgimento da nova variante Delta, que j\u00e1 teve quatro casos registrados no Cear\u00e1.<\/p>\n\n\n\n<p>Em Fortaleza, a Covid-19 j\u00e1 matou 9.520 pessoas, sendo 27% dos \u00f3bitos confirmados na popula\u00e7\u00e3o entre 20 e 59 anos.<\/p>\n\n\n\n<p>Em rela\u00e7\u00e3o \u00e0 cobertura vacinal, o Cear\u00e1 j\u00e1 imunizou 42% da popula\u00e7\u00e3o com a primeira dose da vacina contra o coronav\u00edrus e 18% com a segunda dose ou com a dose \u00fanica. Os dados s\u00e3o do cons\u00f3rcio de ve\u00edculos de imprensa com dados das secretarias de Sa\u00fade do Estado e Fortaleza.<\/p>\n\n\n\n<figure class=\"wp-block-image size-large\"><img loading=\"lazy\" decoding=\"async\" width=\"678\" height=\"452\" src=\"https:\/\/blogdorogeriogomes.com.br\/wp-content\/uploads\/2021\/07\/images-2021-07-31T114756.445.jpeg\" alt=\"\" class=\"wp-image-22197\" srcset=\"https:\/\/blogdorogeriogomes.com.br\/noticias\/wp-content\/uploads\/2021\/07\/images-2021-07-31T114756.445.jpeg 678w, https:\/\/blogdorogeriogomes.com.br\/noticias\/wp-content\/uploads\/2021\/07\/images-2021-07-31T114756.445-300x200.jpeg 300w\" sizes=\"auto, (max-width: 678px) 100vw, 678px\" \/><\/figure>\n","protected":false},"excerpt":{"rendered":"<p>De acordo com o \u00faltimo boletim epidemiol\u00f3gico divulgado pela Secretaria de Sa\u00fade de Fortaleza, nesta sexta-feira, dia 30 de julho, o n\u00famero de casos e mortes por Covid-19 na Capital continua em queda. A redu\u00e7\u00e3o \u00e9 de 35% em rela\u00e7\u00e3o \u00e0s mortes e de 63,5% para os casos confirmados da doen\u00e7a. O avan\u00e7o na vacina\u00e7\u00e3o \u00e9 apontado como o maior fator para a queda nos n\u00fameros da pandemia, apesar do surgimento da nova variante Delta, que j\u00e1 teve quatro&hellip;<\/p>\n","protected":false},"author":1,"featured_media":22197,"comment_status":"open","ping_status":"open","sticky":false,"template":"","format":"standard","meta":{"footnotes":""},"categories":[1],"tags":[],"class_list":["post-22196","post","type-post","status-publish","format-standard","has-post-thumbnail","hentry","category-noticias"],"_links":{"self":[{"href":"https:\/\/blogdorogeriogomes.com.br\/noticias\/wp-json\/wp\/v2\/posts\/22196","targetHints":{"allow":["GET"]}}],"collection":[{"href":"https:\/\/blogdorogeriogomes.com.br\/noticias\/wp-json\/wp\/v2\/posts"}],"about":[{"href":"https:\/\/blogdorogeriogomes.com.br\/noticias\/wp-json\/wp\/v2\/types\/post"}],"author":[{"embeddable":true,"href":"https:\/\/blogdorogeriogomes.com.br\/noticias\/wp-json\/wp\/v2\/users\/1"}],"replies":[{"embeddable":true,"href":"https:\/\/blogdorogeriogomes.com.br\/noticias\/wp-json\/wp\/v2\/comments?post=22196"}],"version-history":[{"count":1,"href":"https:\/\/blogdorogeriogomes.com.br\/noticias\/wp-json\/wp\/v2\/posts\/22196\/revisions"}],"predecessor-version":[{"id":22198,"href":"https:\/\/blogdorogeriogomes.com.br\/noticias\/wp-json\/wp\/v2\/posts\/22196\/revisions\/22198"}],"wp:featuredmedia":[{"embeddable":true,"href":"https:\/\/blogdorogeriogomes.com.br\/noticias\/wp-json\/wp\/v2\/media\/22197"}],"wp:attachment":[{"href":"https:\/\/blogdorogeriogomes.com.br\/noticias\/wp-json\/wp\/v2\/media?parent=22196"}],"wp:term":[{"taxonomy":"category","embeddable":true,"href":"https:\/\/blogdorogeriogomes.com.br\/noticias\/wp-json\/wp\/v2\/categories?post=22196"},{"taxonomy":"post_tag","embeddable":true,"href":"https:\/\/blogdorogeriogomes.com.br\/noticias\/wp-json\/wp\/v2\/tags?post=22196"}],"curies":[{"name":"wp","href":"https:\/\/api.w.org\/{rel}","templated":true}]}}