{"id":22208,"date":"2021-08-02T10:23:38","date_gmt":"2021-08-02T10:23:38","guid":{"rendered":"https:\/\/blogdorogeriogomes.com.br\/?p=22208"},"modified":"2021-08-02T10:25:31","modified_gmt":"2021-08-02T10:25:31","slug":"apesar-do-protesto-de-aliados-de-bolsonaro-partidos-acenam-para-barrar-volta-do-voto-impresso","status":"publish","type":"post","link":"https:\/\/blogdorogeriogomes.com.br\/noticias\/2021\/08\/apesar-do-protesto-de-aliados-de-bolsonaro-partidos-acenam-para-barrar-volta-do-voto-impresso\/","title":{"rendered":"Apesar do protesto de aliados de Bolsonaro, partidos acenam para barrar volta do voto impresso"},"content":{"rendered":"\n<p>Aliados do presidente Jair Bolsonaro realizaram manifesta\u00e7\u00f5es em v\u00e1rias capitais em defesa da volta do voto impresso para as elei\u00e7\u00f5es de 2022. Bolsonaro defende que as urnas eletr\u00f4nicas n\u00e3o s\u00e3o confi\u00e1veis, mas n\u00e3o apresenta qualquer prova sobre irregularidades no processo eleitoral. Em v\u00eddeo gravado aos manifestantes, ele voltou a amea\u00e7ar as elei\u00e7\u00f5es do pr\u00f3ximo ano, caso o voto impresso n\u00e3o passe. Em Fortaleza, apoiadores do presidente se manifestaram na Pra\u00e7a Portugal, na Aldeota.<\/p>\n\n\n\n<p>No Congresso Nacional, que retorna \u00e0s atividades nesta semana, o clima \u00e9 de barrar a ideia de Bolsonaro do retorno do voto impresso. Pelo menos 11 partidos j\u00e1 se mostraram contr\u00e1rios a proposta e alegam que o presidente quer apenas um argumento para tumultuar as elei\u00e7\u00f5es, caso venha a ser derrotado nas urnas.<\/p>\n\n\n\n<p>Para haver mudan\u00e7a no sistema eleitoral seria necess\u00e1rio aprovar uma Proposta de Emenda Constitucional (PEC) no Congresso. PSDB, MDB, PP, DEM, Solidariedade, PL, PSL, Cidadania, Republicanos, PSD e Avante dizem que v\u00e3o derrubar a PEC j\u00e1 na Comiss\u00e3o de Constitui\u00e7\u00e3o e Justi\u00e7a.<\/p>\n\n\n\n<figure class=\"wp-block-image size-large\"><img loading=\"lazy\" decoding=\"async\" width=\"984\" height=\"562\" src=\"https:\/\/blogdorogeriogomes.com.br\/wp-content\/uploads\/2021\/08\/manifestacao-1.jpeg\" alt=\"\" class=\"wp-image-22209\" srcset=\"https:\/\/blogdorogeriogomes.com.br\/noticias\/wp-content\/uploads\/2021\/08\/manifestacao-1.jpeg 984w, https:\/\/blogdorogeriogomes.com.br\/noticias\/wp-content\/uploads\/2021\/08\/manifestacao-1-300x171.jpeg 300w, https:\/\/blogdorogeriogomes.com.br\/noticias\/wp-content\/uploads\/2021\/08\/manifestacao-1-768x439.jpeg 768w, https:\/\/blogdorogeriogomes.com.br\/noticias\/wp-content\/uploads\/2021\/08\/manifestacao-1-800x457.jpeg 800w\" sizes=\"auto, (max-width: 984px) 100vw, 984px\" \/><\/figure>\n","protected":false},"excerpt":{"rendered":"<p>Aliados do presidente Jair Bolsonaro realizaram manifesta\u00e7\u00f5es em v\u00e1rias capitais em defesa da volta do voto impresso para as elei\u00e7\u00f5es de 2022. Bolsonaro defende que as urnas eletr\u00f4nicas n\u00e3o s\u00e3o confi\u00e1veis, mas n\u00e3o apresenta qualquer prova sobre irregularidades no processo eleitoral. Em v\u00eddeo gravado aos manifestantes, ele voltou a amea\u00e7ar as elei\u00e7\u00f5es do pr\u00f3ximo ano, caso o voto impresso n\u00e3o passe. Em Fortaleza, apoiadores do presidente se manifestaram na Pra\u00e7a Portugal, na Aldeota. No Congresso Nacional, que retorna \u00e0s&hellip;<\/p>\n","protected":false},"author":1,"featured_media":22209,"comment_status":"open","ping_status":"open","sticky":false,"template":"","format":"standard","meta":{"footnotes":""},"categories":[1],"tags":[],"class_list":["post-22208","post","type-post","status-publish","format-standard","has-post-thumbnail","hentry","category-noticias"],"_links":{"self":[{"href":"https:\/\/blogdorogeriogomes.com.br\/noticias\/wp-json\/wp\/v2\/posts\/22208","targetHints":{"allow":["GET"]}}],"collection":[{"href":"https:\/\/blogdorogeriogomes.com.br\/noticias\/wp-json\/wp\/v2\/posts"}],"about":[{"href":"https:\/\/blogdorogeriogomes.com.br\/noticias\/wp-json\/wp\/v2\/types\/post"}],"author":[{"embeddable":true,"href":"https:\/\/blogdorogeriogomes.com.br\/noticias\/wp-json\/wp\/v2\/users\/1"}],"replies":[{"embeddable":true,"href":"https:\/\/blogdorogeriogomes.com.br\/noticias\/wp-json\/wp\/v2\/comments?post=22208"}],"version-history":[{"count":1,"href":"https:\/\/blogdorogeriogomes.com.br\/noticias\/wp-json\/wp\/v2\/posts\/22208\/revisions"}],"predecessor-version":[{"id":22210,"href":"https:\/\/blogdorogeriogomes.com.br\/noticias\/wp-json\/wp\/v2\/posts\/22208\/revisions\/22210"}],"wp:featuredmedia":[{"embeddable":true,"href":"https:\/\/blogdorogeriogomes.com.br\/noticias\/wp-json\/wp\/v2\/media\/22209"}],"wp:attachment":[{"href":"https:\/\/blogdorogeriogomes.com.br\/noticias\/wp-json\/wp\/v2\/media?parent=22208"}],"wp:term":[{"taxonomy":"category","embeddable":true,"href":"https:\/\/blogdorogeriogomes.com.br\/noticias\/wp-json\/wp\/v2\/categories?post=22208"},{"taxonomy":"post_tag","embeddable":true,"href":"https:\/\/blogdorogeriogomes.com.br\/noticias\/wp-json\/wp\/v2\/tags?post=22208"}],"curies":[{"name":"wp","href":"https:\/\/api.w.org\/{rel}","templated":true}]}}