{"id":22217,"date":"2021-08-03T08:51:00","date_gmt":"2021-08-03T08:51:00","guid":{"rendered":"https:\/\/blogdorogeriogomes.com.br\/?p=22217"},"modified":"2021-08-03T13:45:44","modified_gmt":"2021-08-03T13:45:44","slug":"governo-do-ceara-lanca-edital-para-concurso-da-policia-militar-com-inscricoes-a-partir-de-16-de-agosto","status":"publish","type":"post","link":"https:\/\/blogdorogeriogomes.com.br\/noticias\/2021\/08\/governo-do-ceara-lanca-edital-para-concurso-da-policia-militar-com-inscricoes-a-partir-de-16-de-agosto\/","title":{"rendered":"Governo do Cear\u00e1 lan\u00e7a edital para concurso da Pol\u00edcia Militar com inscri\u00e7\u00f5es a partir de 16 de agosto"},"content":{"rendered":"\n<p>O Governo do Estado do Cear\u00e1 lan\u00e7ou, nesta segunda-feira, dia 2 de agosto, o edital da Pol\u00edcia Militar do Cear\u00e1 para o cargo de soldado. Ser\u00e3o 2 mil vagas destinadas a candidatos com ensino m\u00e9dio completo, com sal\u00e1rios de R$ 4.192,72.<\/p>\n\n\n\n<p>Este \u00e9 o terceiro concurso na \u00e1rea da Seguran\u00e7a P\u00fablica anunciado neste ano pelo governador Camilo Santana. Em maio passado, foram publicados os editais para os ingressos de novos servidores para a Per\u00edcia Forense do Estado do Cear\u00e1 (Pefoce) e Pol\u00edcia Civil do Estado do Cear\u00e1.<\/p>\n\n\n\n<p>As inscri\u00e7\u00f5es para o certame, que ter\u00e1 como banca organizadora a Funda\u00e7\u00e3o Get\u00falio Vargas (FGV), iniciar\u00e3o a partir das 16 horas do dia 16 de agosto e seguir\u00e3o at\u00e9 o dia 15 de setembro. A taxa de inscri\u00e7\u00e3o custar\u00e1 o valor de R$ 120,00. Os interessados devem acessar o link da Funda\u00e7\u00e3o Get\u00falio Vargas.<\/p>\n\n\n\n<figure class=\"wp-block-image size-large\"><img loading=\"lazy\" decoding=\"async\" width=\"1024\" height=\"684\" src=\"https:\/\/blogdorogeriogomes.com.br\/wp-content\/uploads\/2021\/08\/210802_LIVE-CONCURSO-PM_CGM8953-1200x802-1-1024x684.jpg\" alt=\"\" class=\"wp-image-22218\" srcset=\"https:\/\/blogdorogeriogomes.com.br\/noticias\/wp-content\/uploads\/2021\/08\/210802_LIVE-CONCURSO-PM_CGM8953-1200x802-1-1024x684.jpg 1024w, https:\/\/blogdorogeriogomes.com.br\/noticias\/wp-content\/uploads\/2021\/08\/210802_LIVE-CONCURSO-PM_CGM8953-1200x802-1-300x201.jpg 300w, https:\/\/blogdorogeriogomes.com.br\/noticias\/wp-content\/uploads\/2021\/08\/210802_LIVE-CONCURSO-PM_CGM8953-1200x802-1-768x513.jpg 768w, https:\/\/blogdorogeriogomes.com.br\/noticias\/wp-content\/uploads\/2021\/08\/210802_LIVE-CONCURSO-PM_CGM8953-1200x802-1-800x535.jpg 800w, https:\/\/blogdorogeriogomes.com.br\/noticias\/wp-content\/uploads\/2021\/08\/210802_LIVE-CONCURSO-PM_CGM8953-1200x802-1.jpg 1200w\" sizes=\"auto, (max-width: 1024px) 100vw, 1024px\" \/><\/figure>\n","protected":false},"excerpt":{"rendered":"<p>O Governo do Estado do Cear\u00e1 lan\u00e7ou, nesta segunda-feira, dia 2 de agosto, o edital da Pol\u00edcia Militar do Cear\u00e1 para o cargo de soldado. Ser\u00e3o 2 mil vagas destinadas a candidatos com ensino m\u00e9dio completo, com sal\u00e1rios de R$ 4.192,72. Este \u00e9 o terceiro concurso na \u00e1rea da Seguran\u00e7a P\u00fablica anunciado neste ano pelo governador Camilo Santana. Em maio passado, foram publicados os editais para os ingressos de novos servidores para a Per\u00edcia Forense do Estado do Cear\u00e1&hellip;<\/p>\n","protected":false},"author":1,"featured_media":22218,"comment_status":"open","ping_status":"open","sticky":false,"template":"","format":"standard","meta":{"footnotes":""},"categories":[1],"tags":[],"class_list":["post-22217","post","type-post","status-publish","format-standard","has-post-thumbnail","hentry","category-noticias"],"_links":{"self":[{"href":"https:\/\/blogdorogeriogomes.com.br\/noticias\/wp-json\/wp\/v2\/posts\/22217","targetHints":{"allow":["GET"]}}],"collection":[{"href":"https:\/\/blogdorogeriogomes.com.br\/noticias\/wp-json\/wp\/v2\/posts"}],"about":[{"href":"https:\/\/blogdorogeriogomes.com.br\/noticias\/wp-json\/wp\/v2\/types\/post"}],"author":[{"embeddable":true,"href":"https:\/\/blogdorogeriogomes.com.br\/noticias\/wp-json\/wp\/v2\/users\/1"}],"replies":[{"embeddable":true,"href":"https:\/\/blogdorogeriogomes.com.br\/noticias\/wp-json\/wp\/v2\/comments?post=22217"}],"version-history":[{"count":1,"href":"https:\/\/blogdorogeriogomes.com.br\/noticias\/wp-json\/wp\/v2\/posts\/22217\/revisions"}],"predecessor-version":[{"id":22219,"href":"https:\/\/blogdorogeriogomes.com.br\/noticias\/wp-json\/wp\/v2\/posts\/22217\/revisions\/22219"}],"wp:featuredmedia":[{"embeddable":true,"href":"https:\/\/blogdorogeriogomes.com.br\/noticias\/wp-json\/wp\/v2\/media\/22218"}],"wp:attachment":[{"href":"https:\/\/blogdorogeriogomes.com.br\/noticias\/wp-json\/wp\/v2\/media?parent=22217"}],"wp:term":[{"taxonomy":"category","embeddable":true,"href":"https:\/\/blogdorogeriogomes.com.br\/noticias\/wp-json\/wp\/v2\/categories?post=22217"},{"taxonomy":"post_tag","embeddable":true,"href":"https:\/\/blogdorogeriogomes.com.br\/noticias\/wp-json\/wp\/v2\/tags?post=22217"}],"curies":[{"name":"wp","href":"https:\/\/api.w.org\/{rel}","templated":true}]}}