{"id":22220,"date":"2021-08-03T09:09:06","date_gmt":"2021-08-03T09:09:06","guid":{"rendered":"https:\/\/blogdorogeriogomes.com.br\/?p=22220"},"modified":"2021-08-03T13:45:32","modified_gmt":"2021-08-03T13:45:32","slug":"camara-municipal-de-fortaleza-retoma-os-trabalhos-com-foco-na-campanha-de-vacinacao","status":"publish","type":"post","link":"https:\/\/blogdorogeriogomes.com.br\/noticias\/2021\/08\/camara-municipal-de-fortaleza-retoma-os-trabalhos-com-foco-na-campanha-de-vacinacao\/","title":{"rendered":"C\u00e2mara Municipal de Fortaleza retoma os trabalhos com foco na campanha de vacina\u00e7\u00e3o"},"content":{"rendered":"\n<p>A C\u00e2mara Municipal de Fortaleza retomou  os trabalhos, nesta segunda-feira, dia 2 de agosto, ap\u00f3s o recesso do m\u00eas de julho. A sess\u00e3o foi comandada pelo presidente da C\u00e2mara Municipal, Ant\u00f4nio Henrique (PDT), que destacou que os trabalhos do segundo semestre ter\u00e3o como destaque a campanha de vacina\u00e7\u00e3o dos fortalezense contra a Covid-19 e a retomada da economia em Fortaleza. A revis\u00e3o do Plano Diretor, lei que funciona como um manual da cidade e traz as regras de como e onde ela deve crescer nos pr\u00f3ximos 10 anos, est\u00e1 entre as prioridades.<\/p>\n\n\n\n<p>J\u00e1 a Assembleia Legislativa do Cear\u00e1 retoma suas atividades do segundo semestre nesta quinta-feira, dia 5 de agosto, quando os deputados estaduais ter\u00e3o uma sess\u00e3o plen\u00e1ria na Casa. Durante o recesso, a AL realizou a\u00e7\u00f5es em munic\u00edpios do interior do Cear\u00e1 para incentivar o cadastro de pessoas para receber a aplica\u00e7\u00e3o da vacina contra o coronav\u00edrus, atrav\u00e9s do Pacto contra a Covid-19.<\/p>\n\n\n\n<figure class=\"wp-block-image size-large\"><img loading=\"lazy\" decoding=\"async\" width=\"540\" height=\"304\" src=\"https:\/\/blogdorogeriogomes.com.br\/wp-content\/uploads\/2021\/08\/976a4077-1024x683-1.jpg\" alt=\"\" class=\"wp-image-22221\" srcset=\"https:\/\/blogdorogeriogomes.com.br\/noticias\/wp-content\/uploads\/2021\/08\/976a4077-1024x683-1.jpg 540w, https:\/\/blogdorogeriogomes.com.br\/noticias\/wp-content\/uploads\/2021\/08\/976a4077-1024x683-1-300x169.jpg 300w\" sizes=\"auto, (max-width: 540px) 100vw, 540px\" \/><\/figure>\n\n\n\n<p>&nbsp;<\/p>\n","protected":false},"excerpt":{"rendered":"<p>A C\u00e2mara Municipal de Fortaleza retomou os trabalhos, nesta segunda-feira, dia 2 de agosto, ap\u00f3s o recesso do m\u00eas de julho. A sess\u00e3o foi comandada pelo presidente da C\u00e2mara Municipal, Ant\u00f4nio Henrique (PDT), que destacou que os trabalhos do segundo semestre ter\u00e3o como destaque a campanha de vacina\u00e7\u00e3o dos fortalezense contra a Covid-19 e a retomada da economia em Fortaleza. A revis\u00e3o do Plano Diretor, lei que funciona como um manual da cidade e traz as regras de como&hellip;<\/p>\n","protected":false},"author":1,"featured_media":22221,"comment_status":"open","ping_status":"open","sticky":false,"template":"","format":"standard","meta":{"footnotes":""},"categories":[1],"tags":[],"class_list":["post-22220","post","type-post","status-publish","format-standard","has-post-thumbnail","hentry","category-noticias"],"_links":{"self":[{"href":"https:\/\/blogdorogeriogomes.com.br\/noticias\/wp-json\/wp\/v2\/posts\/22220","targetHints":{"allow":["GET"]}}],"collection":[{"href":"https:\/\/blogdorogeriogomes.com.br\/noticias\/wp-json\/wp\/v2\/posts"}],"about":[{"href":"https:\/\/blogdorogeriogomes.com.br\/noticias\/wp-json\/wp\/v2\/types\/post"}],"author":[{"embeddable":true,"href":"https:\/\/blogdorogeriogomes.com.br\/noticias\/wp-json\/wp\/v2\/users\/1"}],"replies":[{"embeddable":true,"href":"https:\/\/blogdorogeriogomes.com.br\/noticias\/wp-json\/wp\/v2\/comments?post=22220"}],"version-history":[{"count":2,"href":"https:\/\/blogdorogeriogomes.com.br\/noticias\/wp-json\/wp\/v2\/posts\/22220\/revisions"}],"predecessor-version":[{"id":22226,"href":"https:\/\/blogdorogeriogomes.com.br\/noticias\/wp-json\/wp\/v2\/posts\/22220\/revisions\/22226"}],"wp:featuredmedia":[{"embeddable":true,"href":"https:\/\/blogdorogeriogomes.com.br\/noticias\/wp-json\/wp\/v2\/media\/22221"}],"wp:attachment":[{"href":"https:\/\/blogdorogeriogomes.com.br\/noticias\/wp-json\/wp\/v2\/media?parent=22220"}],"wp:term":[{"taxonomy":"category","embeddable":true,"href":"https:\/\/blogdorogeriogomes.com.br\/noticias\/wp-json\/wp\/v2\/categories?post=22220"},{"taxonomy":"post_tag","embeddable":true,"href":"https:\/\/blogdorogeriogomes.com.br\/noticias\/wp-json\/wp\/v2\/tags?post=22220"}],"curies":[{"name":"wp","href":"https:\/\/api.w.org\/{rel}","templated":true}]}}