{"id":22231,"date":"2021-08-03T20:39:28","date_gmt":"2021-08-03T20:39:28","guid":{"rendered":"https:\/\/blogdorogeriogomes.com.br\/?p=22231"},"modified":"2021-08-04T14:05:59","modified_gmt":"2021-08-04T14:05:59","slug":"jose-sarto-envia-projeto-a-camara-que-garantira-pagamento-de-aluguel-a-vitimas-de-violencia-domestica","status":"publish","type":"post","link":"https:\/\/blogdorogeriogomes.com.br\/noticias\/2021\/08\/jose-sarto-envia-projeto-a-camara-que-garantira-pagamento-de-aluguel-a-vitimas-de-violencia-domestica\/","title":{"rendered":"Jos\u00e9 Sarto envia projeto \u00e0 C\u00e2mara que garantir\u00e1 pagamento de aluguel a v\u00edtimas de viol\u00eancia dom\u00e9stica"},"content":{"rendered":"\n<p>O prefeito de Fortaleza, Jos\u00e9 Sarto (PDT), enviou \u00e0 C\u00e2mara Municipal de Fortaleza o projeto de lei que institui o Aluguel Social Maria da Penha. A a\u00e7\u00e3o visa conceder o aluguel no valor mensal de R$ 420,00 a mulheres v\u00edtimas de viol\u00eancia dom\u00e9stica e familiar. A mat\u00e9ria inicia tramita\u00e7\u00e3o j\u00e1 nesta quarta-feira, dia 4 de agosto.<\/p>\n\n\n\n<p>\u201cCom a lei, esperamos minimizar os duros efeitos dessa cruel realidade sobre as mulheres e seus filhos, al\u00e9m de oferecer suporte social para garantir mais efetividade \u00e0s medidas protetivas, contribuindo tamb\u00e9m para promover a autonomia\u201d, disse Sarto ao anunciar o projeto em suas redes sociais.<\/p>\n\n\n\n<p>O benef\u00edcio ter\u00e1 validade de at\u00e9 12 meses, podendo ser renovado, por at\u00e9 dois per\u00edodos iguais, ap\u00f3s reavalia\u00e7\u00e3o dos crit\u00e9rios pela coordena\u00e7\u00e3o executiva e equipe t\u00e9cnica da Coordenadoria Especial de Pol\u00edticas P\u00fablicas para Mulheres (CEPPM).<\/p>\n\n\n\n<p>A concess\u00e3o do Aluguel Social Maria da Penha ser\u00e1 feita pela Secretaria de Direitos Humanos e Desenvolvimento Social, avaliando cada caso que atenda aos crit\u00e9rios de vulnerabilidade social e tamb\u00e9m cumprimentos de medidas protetivas decorrente de viol\u00eancia.<\/p>\n\n\n\n<figure class=\"wp-block-image size-large\"><img loading=\"lazy\" decoding=\"async\" width=\"1024\" height=\"608\" src=\"https:\/\/blogdorogeriogomes.com.br\/wp-content\/uploads\/2021\/08\/03-08-2021-Sarto-assinatura.jpeg\" alt=\"\" class=\"wp-image-22232\" srcset=\"https:\/\/blogdorogeriogomes.com.br\/noticias\/wp-content\/uploads\/2021\/08\/03-08-2021-Sarto-assinatura.jpeg 1024w, https:\/\/blogdorogeriogomes.com.br\/noticias\/wp-content\/uploads\/2021\/08\/03-08-2021-Sarto-assinatura-300x178.jpeg 300w, https:\/\/blogdorogeriogomes.com.br\/noticias\/wp-content\/uploads\/2021\/08\/03-08-2021-Sarto-assinatura-768x456.jpeg 768w, https:\/\/blogdorogeriogomes.com.br\/noticias\/wp-content\/uploads\/2021\/08\/03-08-2021-Sarto-assinatura-800x475.jpeg 800w\" sizes=\"auto, (max-width: 1024px) 100vw, 1024px\" \/><\/figure>\n","protected":false},"excerpt":{"rendered":"<p>O prefeito de Fortaleza, Jos\u00e9 Sarto (PDT), enviou \u00e0 C\u00e2mara Municipal de Fortaleza o projeto de lei que institui o Aluguel Social Maria da Penha. A a\u00e7\u00e3o visa conceder o aluguel no valor mensal de R$ 420,00 a mulheres v\u00edtimas de viol\u00eancia dom\u00e9stica e familiar. A mat\u00e9ria inicia tramita\u00e7\u00e3o j\u00e1 nesta quarta-feira, dia 4 de agosto. \u201cCom a lei, esperamos minimizar os duros efeitos dessa cruel realidade sobre as mulheres e seus filhos, al\u00e9m de oferecer suporte social para&hellip;<\/p>\n","protected":false},"author":1,"featured_media":22232,"comment_status":"open","ping_status":"open","sticky":false,"template":"","format":"standard","meta":{"footnotes":""},"categories":[1],"tags":[],"class_list":["post-22231","post","type-post","status-publish","format-standard","has-post-thumbnail","hentry","category-noticias"],"_links":{"self":[{"href":"https:\/\/blogdorogeriogomes.com.br\/noticias\/wp-json\/wp\/v2\/posts\/22231","targetHints":{"allow":["GET"]}}],"collection":[{"href":"https:\/\/blogdorogeriogomes.com.br\/noticias\/wp-json\/wp\/v2\/posts"}],"about":[{"href":"https:\/\/blogdorogeriogomes.com.br\/noticias\/wp-json\/wp\/v2\/types\/post"}],"author":[{"embeddable":true,"href":"https:\/\/blogdorogeriogomes.com.br\/noticias\/wp-json\/wp\/v2\/users\/1"}],"replies":[{"embeddable":true,"href":"https:\/\/blogdorogeriogomes.com.br\/noticias\/wp-json\/wp\/v2\/comments?post=22231"}],"version-history":[{"count":1,"href":"https:\/\/blogdorogeriogomes.com.br\/noticias\/wp-json\/wp\/v2\/posts\/22231\/revisions"}],"predecessor-version":[{"id":22233,"href":"https:\/\/blogdorogeriogomes.com.br\/noticias\/wp-json\/wp\/v2\/posts\/22231\/revisions\/22233"}],"wp:featuredmedia":[{"embeddable":true,"href":"https:\/\/blogdorogeriogomes.com.br\/noticias\/wp-json\/wp\/v2\/media\/22232"}],"wp:attachment":[{"href":"https:\/\/blogdorogeriogomes.com.br\/noticias\/wp-json\/wp\/v2\/media?parent=22231"}],"wp:term":[{"taxonomy":"category","embeddable":true,"href":"https:\/\/blogdorogeriogomes.com.br\/noticias\/wp-json\/wp\/v2\/categories?post=22231"},{"taxonomy":"post_tag","embeddable":true,"href":"https:\/\/blogdorogeriogomes.com.br\/noticias\/wp-json\/wp\/v2\/tags?post=22231"}],"curies":[{"name":"wp","href":"https:\/\/api.w.org\/{rel}","templated":true}]}}