{"id":22234,"date":"2021-08-03T22:31:23","date_gmt":"2021-08-03T22:31:23","guid":{"rendered":"https:\/\/blogdorogeriogomes.com.br\/?p=22234"},"modified":"2021-08-04T14:05:43","modified_gmt":"2021-08-04T14:05:43","slug":"reverendo-confirma-na-cpi-da-covid-que-intermediou-negociacao-suspeita-de-vacinas-com-governo-federal","status":"publish","type":"post","link":"https:\/\/blogdorogeriogomes.com.br\/noticias\/2021\/08\/reverendo-confirma-na-cpi-da-covid-que-intermediou-negociacao-suspeita-de-vacinas-com-governo-federal\/","title":{"rendered":"Reverendo confirma na CPI da Covid que intermediou negocia\u00e7\u00e3o suspeita de vacinas com Governo Federal"},"content":{"rendered":"\n<p>Em depoimento \u00e0 CPI da Covid nesta ter\u00e7a-feira, dia 3 de agosto, o reverendo Amilton Gomes de Paula confirmou que foi respons\u00e1vel por fazer a ponte entre Davati Medical Supply e Minist\u00e9rio da Sa\u00fade para a negocia\u00e7\u00e3o suspeita do lote de 400 milh\u00f5es de doses da vacina AstraZeneca, que teria envolvido pedido de propina.<\/p>\n\n\n\n<p>Diante dos senadores, Amilton pediu &#8220;desculpas ao Brasil&#8221; por ter se envolvido nas tratativas entre o policial militar e representante da Davati, Luiz Paulo Dominguetti, e o ent\u00e3o diretor do departamento de log\u00edstica do Minist\u00e9rio da Sa\u00fade, Roberto Dias, que foi denunciado por Dominguetti ao supostamente pedir US$ 1 de propina por dose negociada. Ao admitir a vers\u00e3o, o reverendo chorou e afirmou estar arrependido de ter participado do epis\u00f3dio.<\/p>\n\n\n\n<p>No entanto, Amilton n\u00e3o colaborou com informa\u00e7\u00f5es concretas sobre os tramites realizados na oferta e recusas de vacinas com os quais esteve conectado, o que irritou os parlamentares da comiss\u00e3o. Omar Aziz, em determinado ponto, criticou falas em que Amilton tentou se desvincular de liga\u00e7\u00f5es diretas com membros do governo Bolsonaro e afirmou n\u00e3o ter lobby na Sa\u00fade.<\/p>\n\n\n\n<p>&#8220;V\u00eam prefeitos para c\u00e1, querem ir ao minist\u00e9rio, e a gente n\u00e3o consegue levar. Agora o senhor sai num Uber, num t\u00e1xi, chega ao minist\u00e9rio e \u00e9 recebido no minist\u00e9rio? Me desculpe, reverendo, mas n\u00e3o d\u00e1 para acreditar nisso&#8221;, disse Aziz.<\/p>\n\n\n\n<p>Ainda nesta ter\u00e7a-feira, a CPI da Covid aprovou o total de 130 requerimentos, dentre estes, o pedido de afastamento de Mayra Pinheiro da titularidade da Secretaria de Gest\u00e3o do Trabalho e da Educa\u00e7\u00e3o do Minist\u00e9rio da Sa\u00fade e a quebra de sigilos de nomes ligados aos ind\u00edcios de corrup\u00e7\u00e3o na negocia\u00e7\u00e3o de doses da Covaxin e AstraZeneca, como \u00e9 o caso do l\u00edder do Governo na C\u00e2mara dos Deputados, Ricardo Barros. O coronel Elcio Franco, do Minist\u00e9rio da Sa\u00fade, tamb\u00e9m ser\u00e1 reconvocado para prestar novos esclarecimentos na CPI.<\/p>\n\n\n\n<figure class=\"wp-block-image size-large\"><img loading=\"lazy\" decoding=\"async\" width=\"450\" height=\"337\" src=\"https:\/\/blogdorogeriogomes.com.br\/wp-content\/uploads\/2021\/08\/images-2021-08-03T192715.710.jpeg\" alt=\"\" class=\"wp-image-22235\" srcset=\"https:\/\/blogdorogeriogomes.com.br\/noticias\/wp-content\/uploads\/2021\/08\/images-2021-08-03T192715.710.jpeg 450w, https:\/\/blogdorogeriogomes.com.br\/noticias\/wp-content\/uploads\/2021\/08\/images-2021-08-03T192715.710-300x225.jpeg 300w, https:\/\/blogdorogeriogomes.com.br\/noticias\/wp-content\/uploads\/2021\/08\/images-2021-08-03T192715.710-400x300.jpeg 400w\" sizes=\"auto, (max-width: 450px) 100vw, 450px\" \/><\/figure>\n","protected":false},"excerpt":{"rendered":"<p>Em depoimento \u00e0 CPI da Covid nesta ter\u00e7a-feira, dia 3 de agosto, o reverendo Amilton Gomes de Paula confirmou que foi respons\u00e1vel por fazer a ponte entre Davati Medical Supply e Minist\u00e9rio da Sa\u00fade para a negocia\u00e7\u00e3o suspeita do lote de 400 milh\u00f5es de doses da vacina AstraZeneca, que teria envolvido pedido de propina. Diante dos senadores, Amilton pediu &#8220;desculpas ao Brasil&#8221; por ter se envolvido nas tratativas entre o policial militar e representante da Davati, Luiz Paulo Dominguetti,&hellip;<\/p>\n","protected":false},"author":1,"featured_media":22235,"comment_status":"open","ping_status":"open","sticky":false,"template":"","format":"standard","meta":{"footnotes":""},"categories":[1],"tags":[],"class_list":["post-22234","post","type-post","status-publish","format-standard","has-post-thumbnail","hentry","category-noticias"],"_links":{"self":[{"href":"https:\/\/blogdorogeriogomes.com.br\/noticias\/wp-json\/wp\/v2\/posts\/22234","targetHints":{"allow":["GET"]}}],"collection":[{"href":"https:\/\/blogdorogeriogomes.com.br\/noticias\/wp-json\/wp\/v2\/posts"}],"about":[{"href":"https:\/\/blogdorogeriogomes.com.br\/noticias\/wp-json\/wp\/v2\/types\/post"}],"author":[{"embeddable":true,"href":"https:\/\/blogdorogeriogomes.com.br\/noticias\/wp-json\/wp\/v2\/users\/1"}],"replies":[{"embeddable":true,"href":"https:\/\/blogdorogeriogomes.com.br\/noticias\/wp-json\/wp\/v2\/comments?post=22234"}],"version-history":[{"count":1,"href":"https:\/\/blogdorogeriogomes.com.br\/noticias\/wp-json\/wp\/v2\/posts\/22234\/revisions"}],"predecessor-version":[{"id":22236,"href":"https:\/\/blogdorogeriogomes.com.br\/noticias\/wp-json\/wp\/v2\/posts\/22234\/revisions\/22236"}],"wp:featuredmedia":[{"embeddable":true,"href":"https:\/\/blogdorogeriogomes.com.br\/noticias\/wp-json\/wp\/v2\/media\/22235"}],"wp:attachment":[{"href":"https:\/\/blogdorogeriogomes.com.br\/noticias\/wp-json\/wp\/v2\/media?parent=22234"}],"wp:term":[{"taxonomy":"category","embeddable":true,"href":"https:\/\/blogdorogeriogomes.com.br\/noticias\/wp-json\/wp\/v2\/categories?post=22234"},{"taxonomy":"post_tag","embeddable":true,"href":"https:\/\/blogdorogeriogomes.com.br\/noticias\/wp-json\/wp\/v2\/tags?post=22234"}],"curies":[{"name":"wp","href":"https:\/\/api.w.org\/{rel}","templated":true}]}}