{"id":22237,"date":"2021-08-04T09:58:21","date_gmt":"2021-08-04T09:58:21","guid":{"rendered":"https:\/\/blogdorogeriogomes.com.br\/?p=22237"},"modified":"2021-08-04T14:05:31","modified_gmt":"2021-08-04T14:05:31","slug":"fcf-e-clubes-cearenses-vao-apresentar-protocolos-ao-governo-do-ceara-para-retorno-de-torcida-aos-estadios","status":"publish","type":"post","link":"https:\/\/blogdorogeriogomes.com.br\/noticias\/2021\/08\/fcf-e-clubes-cearenses-vao-apresentar-protocolos-ao-governo-do-ceara-para-retorno-de-torcida-aos-estadios\/","title":{"rendered":"FCF e clubes cearenses v\u00e3o apresentar protocolos ao Governo do Cear\u00e1 para retorno de torcida aos est\u00e1dios"},"content":{"rendered":"\n<p>A Federa\u00e7\u00e3o Cearense de Futebol (FCF), o Cear\u00e1 e o Fortaleza, que disputam o Brasileir\u00e3o 2021, devem apresentar nesta quarta-feira, dia 4 de agosto, novos protocolos ao Governo do Cear\u00e1 para o retorno da torcida aos est\u00e1dios nos jogos oficiais. Na pr\u00f3xima sexta-feira, dia 6, haver\u00e1 mais uma reuni\u00e3o do Comit\u00ea de Enfrentamento \u00e0 Covid-19 quando o tema poder\u00e1 entrar em pauta.<\/p>\n\n\n\n<p>Com a redu\u00e7\u00e3o no n\u00famero de casos e mortes por coronav\u00edrus no Estado, FCF e clubes cearense reivindicam a volta de at\u00e9 40% dos torcedores nas arquibancadas. O retorno teria de seguir o seguinte protocolo: o acesso dos torcedores estaria condicionado ao recebimento das duas doses da vacina contra a Covid-19 ou a dose \u00fanica, no caso da Janssen. O torcedor tamb\u00e9m poderia realizar o teste PCR at\u00e9 48 horas antes da partida.&nbsp;<\/p>\n\n\n\n<p>Em n\u00edvel nacional, a Confedera\u00e7\u00e3o Brasileira de Futebol (CBF) tenta a autoriza\u00e7\u00e3o para permitir a presen\u00e7a de p\u00fablico a partir das quartas de final da Copa do Brasil.<\/p>\n\n\n\n<figure class=\"wp-block-image size-large\"><img loading=\"lazy\" decoding=\"async\" width=\"650\" height=\"450\" src=\"https:\/\/blogdorogeriogomes.com.br\/wp-content\/uploads\/2021\/08\/images-2021-08-04T064856.856.jpeg\" alt=\"\" class=\"wp-image-22238\" srcset=\"https:\/\/blogdorogeriogomes.com.br\/noticias\/wp-content\/uploads\/2021\/08\/images-2021-08-04T064856.856.jpeg 650w, https:\/\/blogdorogeriogomes.com.br\/noticias\/wp-content\/uploads\/2021\/08\/images-2021-08-04T064856.856-300x208.jpeg 300w\" sizes=\"auto, (max-width: 650px) 100vw, 650px\" \/><\/figure>\n","protected":false},"excerpt":{"rendered":"<p>A Federa\u00e7\u00e3o Cearense de Futebol (FCF), o Cear\u00e1 e o Fortaleza, que disputam o Brasileir\u00e3o 2021, devem apresentar nesta quarta-feira, dia 4 de agosto, novos protocolos ao Governo do Cear\u00e1 para o retorno da torcida aos est\u00e1dios nos jogos oficiais. Na pr\u00f3xima sexta-feira, dia 6, haver\u00e1 mais uma reuni\u00e3o do Comit\u00ea de Enfrentamento \u00e0 Covid-19 quando o tema poder\u00e1 entrar em pauta. Com a redu\u00e7\u00e3o no n\u00famero de casos e mortes por coronav\u00edrus no Estado, FCF e clubes cearense&hellip;<\/p>\n","protected":false},"author":1,"featured_media":22238,"comment_status":"open","ping_status":"open","sticky":false,"template":"","format":"standard","meta":{"footnotes":""},"categories":[1],"tags":[],"class_list":["post-22237","post","type-post","status-publish","format-standard","has-post-thumbnail","hentry","category-noticias"],"_links":{"self":[{"href":"https:\/\/blogdorogeriogomes.com.br\/noticias\/wp-json\/wp\/v2\/posts\/22237","targetHints":{"allow":["GET"]}}],"collection":[{"href":"https:\/\/blogdorogeriogomes.com.br\/noticias\/wp-json\/wp\/v2\/posts"}],"about":[{"href":"https:\/\/blogdorogeriogomes.com.br\/noticias\/wp-json\/wp\/v2\/types\/post"}],"author":[{"embeddable":true,"href":"https:\/\/blogdorogeriogomes.com.br\/noticias\/wp-json\/wp\/v2\/users\/1"}],"replies":[{"embeddable":true,"href":"https:\/\/blogdorogeriogomes.com.br\/noticias\/wp-json\/wp\/v2\/comments?post=22237"}],"version-history":[{"count":2,"href":"https:\/\/blogdorogeriogomes.com.br\/noticias\/wp-json\/wp\/v2\/posts\/22237\/revisions"}],"predecessor-version":[{"id":22244,"href":"https:\/\/blogdorogeriogomes.com.br\/noticias\/wp-json\/wp\/v2\/posts\/22237\/revisions\/22244"}],"wp:featuredmedia":[{"embeddable":true,"href":"https:\/\/blogdorogeriogomes.com.br\/noticias\/wp-json\/wp\/v2\/media\/22238"}],"wp:attachment":[{"href":"https:\/\/blogdorogeriogomes.com.br\/noticias\/wp-json\/wp\/v2\/media?parent=22237"}],"wp:term":[{"taxonomy":"category","embeddable":true,"href":"https:\/\/blogdorogeriogomes.com.br\/noticias\/wp-json\/wp\/v2\/categories?post=22237"},{"taxonomy":"post_tag","embeddable":true,"href":"https:\/\/blogdorogeriogomes.com.br\/noticias\/wp-json\/wp\/v2\/tags?post=22237"}],"curies":[{"name":"wp","href":"https:\/\/api.w.org\/{rel}","templated":true}]}}