{"id":22240,"date":"2021-08-04T10:27:19","date_gmt":"2021-08-04T10:27:19","guid":{"rendered":"https:\/\/blogdorogeriogomes.com.br\/?p=22240"},"modified":"2021-08-04T14:05:20","modified_gmt":"2021-08-04T14:05:20","slug":"assembleia-legislativa-do-ceara-confirma-concurso-publico-para-7-de-novembro","status":"publish","type":"post","link":"https:\/\/blogdorogeriogomes.com.br\/noticias\/2021\/08\/assembleia-legislativa-do-ceara-confirma-concurso-publico-para-7-de-novembro\/","title":{"rendered":"Assembleia Legislativa do Cear\u00e1 confirma concurso p\u00fablico para 7 de novembro"},"content":{"rendered":"\n<p>O presidente da Assembleia Legislativa do Cear\u00e1, Evandro Leit\u00e3o, confirmou a realiza\u00e7\u00e3o do concurso p\u00fablico para novos servidores no pr\u00f3ximo dia 7 de novembro. O certame deveria ter ocorrido no ano passado, mas foi adiado devido \u00e0 pandemia da Covid-19.<\/p>\n\n\n\n<p>O concurso da Assembleia Legislativa ter\u00e1 100 vagas para novos servidores, sendo 70 para n\u00edvel superior e mais 30 para n\u00edvel m\u00e9dio. S\u00e3o cargos nas \u00e1reas de Direito, Tecnologia da Informa\u00e7\u00e3o, Contabilidade, Comunica\u00e7\u00e3o, Administra\u00e7\u00e3o, Engenharia, Economia e Arquitetura.&nbsp;<\/p>\n\n\n\n<p>Os sal\u00e1rios ser\u00e3o de R$ 2.200 para n\u00edvel m\u00e9dio e de R$ 4.500 para n\u00edvel superior. Mais de 33 mil pessoas se inscreveram para o concurso p\u00fablico da AL.<\/p>\n\n\n\n<figure class=\"wp-block-image size-large\"><img loading=\"lazy\" decoding=\"async\" width=\"678\" height=\"452\" src=\"https:\/\/blogdorogeriogomes.com.br\/wp-content\/uploads\/2021\/08\/images-2021-08-04T071844.106.jpeg\" alt=\"\" class=\"wp-image-22241\" srcset=\"https:\/\/blogdorogeriogomes.com.br\/noticias\/wp-content\/uploads\/2021\/08\/images-2021-08-04T071844.106.jpeg 678w, https:\/\/blogdorogeriogomes.com.br\/noticias\/wp-content\/uploads\/2021\/08\/images-2021-08-04T071844.106-300x200.jpeg 300w\" sizes=\"auto, (max-width: 678px) 100vw, 678px\" \/><\/figure>\n","protected":false},"excerpt":{"rendered":"<p>O presidente da Assembleia Legislativa do Cear\u00e1, Evandro Leit\u00e3o, confirmou a realiza\u00e7\u00e3o do concurso p\u00fablico para novos servidores no pr\u00f3ximo dia 7 de novembro. O certame deveria ter ocorrido no ano passado, mas foi adiado devido \u00e0 pandemia da Covid-19. O concurso da Assembleia Legislativa ter\u00e1 100 vagas para novos servidores, sendo 70 para n\u00edvel superior e mais 30 para n\u00edvel m\u00e9dio. S\u00e3o cargos nas \u00e1reas de Direito, Tecnologia da Informa\u00e7\u00e3o, Contabilidade, Comunica\u00e7\u00e3o, Administra\u00e7\u00e3o, Engenharia, Economia e Arquitetura.&nbsp; Os&hellip;<\/p>\n","protected":false},"author":1,"featured_media":22241,"comment_status":"open","ping_status":"open","sticky":false,"template":"","format":"standard","meta":{"footnotes":""},"categories":[1],"tags":[],"class_list":["post-22240","post","type-post","status-publish","format-standard","has-post-thumbnail","hentry","category-noticias"],"_links":{"self":[{"href":"https:\/\/blogdorogeriogomes.com.br\/noticias\/wp-json\/wp\/v2\/posts\/22240","targetHints":{"allow":["GET"]}}],"collection":[{"href":"https:\/\/blogdorogeriogomes.com.br\/noticias\/wp-json\/wp\/v2\/posts"}],"about":[{"href":"https:\/\/blogdorogeriogomes.com.br\/noticias\/wp-json\/wp\/v2\/types\/post"}],"author":[{"embeddable":true,"href":"https:\/\/blogdorogeriogomes.com.br\/noticias\/wp-json\/wp\/v2\/users\/1"}],"replies":[{"embeddable":true,"href":"https:\/\/blogdorogeriogomes.com.br\/noticias\/wp-json\/wp\/v2\/comments?post=22240"}],"version-history":[{"count":2,"href":"https:\/\/blogdorogeriogomes.com.br\/noticias\/wp-json\/wp\/v2\/posts\/22240\/revisions"}],"predecessor-version":[{"id":22243,"href":"https:\/\/blogdorogeriogomes.com.br\/noticias\/wp-json\/wp\/v2\/posts\/22240\/revisions\/22243"}],"wp:featuredmedia":[{"embeddable":true,"href":"https:\/\/blogdorogeriogomes.com.br\/noticias\/wp-json\/wp\/v2\/media\/22241"}],"wp:attachment":[{"href":"https:\/\/blogdorogeriogomes.com.br\/noticias\/wp-json\/wp\/v2\/media?parent=22240"}],"wp:term":[{"taxonomy":"category","embeddable":true,"href":"https:\/\/blogdorogeriogomes.com.br\/noticias\/wp-json\/wp\/v2\/categories?post=22240"},{"taxonomy":"post_tag","embeddable":true,"href":"https:\/\/blogdorogeriogomes.com.br\/noticias\/wp-json\/wp\/v2\/tags?post=22240"}],"curies":[{"name":"wp","href":"https:\/\/api.w.org\/{rel}","templated":true}]}}