{"id":22245,"date":"2021-08-04T20:37:48","date_gmt":"2021-08-04T20:37:48","guid":{"rendered":"https:\/\/blogdorogeriogomes.com.br\/?p=22245"},"modified":"2021-08-06T15:37:03","modified_gmt":"2021-08-06T15:37:03","slug":"governo-do-ceara-entrega-em-aquiraz-a-primeira-unidade-prisional-de-seguranca-maxima-estadual-do-nordeste","status":"publish","type":"post","link":"https:\/\/blogdorogeriogomes.com.br\/noticias\/2021\/08\/governo-do-ceara-entrega-em-aquiraz-a-primeira-unidade-prisional-de-seguranca-maxima-estadual-do-nordeste\/","title":{"rendered":"Governo do Cear\u00e1 entrega em Aquiraz a primeira Unidade Prisional de Seguran\u00e7a M\u00e1xima Estadual do Nordeste"},"content":{"rendered":"\n<p>O Governo do Cear\u00e1 entregou nesta quarta-feira, dia 4 de agosto, a primeira Unidade Prisional de Seguran\u00e7a M\u00e1xima do Estado, em Aquiraz. A cerim\u00f4nia de inaugura\u00e7\u00e3o contou com a presen\u00e7a do governador Camilo Santana (PT), que destacou o investimento de R$ 33 milh\u00f5es no equipamento. A penitenci\u00e1ria \u00e9 a primeira de Seguran\u00e7a M\u00e1xima Estadual das regi\u00f5es Norte e Nordeste.<\/p>\n\n\n\n<p>&#8220;O sistema prisional passou por uma grande transforma\u00e7\u00e3o nesses \u00faltimos dois anos e meio, com toda uma mudan\u00e7a na estrutura administrativa. Fizemos investimentos e concurso p\u00fablico. O Cear\u00e1 \u00e9 hoje, do ponto de vista do sistema prisional estadual, o Estado que tem um dos melhores sistemas, mais seguro e mais controlado, al\u00e9m de garantir todos os direitos aos presos&#8221;, ressaltou o governador.<\/p>\n\n\n\n<p>A penitenci\u00e1ria foi constru\u00edda em uma \u00e1rea de 7.273 m\u00b2, onde estava situado o antigo Instituto Penal Paulo Sarasate (IPPS), desativado em 2013, e conta com urbanismo interno; urbanismo externo; muralha com guaritas; torre 360\u00ba para visualiza\u00e7\u00e3o geral dos arredores da unidade; e bloco administrativo com as \u00e1reas de sa\u00fade, quadrante, oficina e os tr\u00eas blocos de celas. A estrutura tamb\u00e9m possui sistema de automa\u00e7\u00e3o nas celas, com controle autom\u00e1tico realizado pelo piso superior. A parte carcer\u00e1ria desta unidade foi executada em pain\u00e9is de concreto pr\u00e9-moldado, para minimizar tentativas de fugas.<\/p>\n\n\n\n<p>O bloco administrativo tem refeit\u00f3rio, alojamento de agentes e salas de reuni\u00e3o, al\u00e9m de salas para a Ordem dos Advogados do Brasil (OAB), Defensoria P\u00fablica do Cear\u00e1, assist\u00eancia social, psicologia, diretoria e outras de servi\u00e7os administrativos da unidade. O espa\u00e7o conta com almoxarifado, lavanderia e triagem. A estrutura tamb\u00e9m oferece ambiente para Raio-x, bodyscanner, sala de monitoramento de circuito fechado de TV, com 203 c\u00e2meras de vigil\u00e2ncia, e sistema de sonoriza\u00e7\u00e3o. O m\u00f3dulo de sa\u00fade possui consult\u00f3rios m\u00e9dicos, enfermaria, posto de enfermagem, consult\u00f3rio odontol\u00f3gico e farm\u00e1cia.<\/p>\n\n\n\n<figure class=\"wp-block-image size-large\"><img loading=\"lazy\" decoding=\"async\" width=\"1024\" height=\"684\" src=\"https:\/\/blogdorogeriogomes.com.br\/wp-content\/uploads\/2021\/08\/CG011.jpeg\" alt=\"\" class=\"wp-image-22246\" srcset=\"https:\/\/blogdorogeriogomes.com.br\/noticias\/wp-content\/uploads\/2021\/08\/CG011.jpeg 1024w, https:\/\/blogdorogeriogomes.com.br\/noticias\/wp-content\/uploads\/2021\/08\/CG011-300x200.jpeg 300w, https:\/\/blogdorogeriogomes.com.br\/noticias\/wp-content\/uploads\/2021\/08\/CG011-768x513.jpeg 768w, https:\/\/blogdorogeriogomes.com.br\/noticias\/wp-content\/uploads\/2021\/08\/CG011-800x534.jpeg 800w\" sizes=\"auto, (max-width: 1024px) 100vw, 1024px\" \/><\/figure>\n","protected":false},"excerpt":{"rendered":"<p>O Governo do Cear\u00e1 entregou nesta quarta-feira, dia 4 de agosto, a primeira Unidade Prisional de Seguran\u00e7a M\u00e1xima do Estado, em Aquiraz. A cerim\u00f4nia de inaugura\u00e7\u00e3o contou com a presen\u00e7a do governador Camilo Santana (PT), que destacou o investimento de R$ 33 milh\u00f5es no equipamento. A penitenci\u00e1ria \u00e9 a primeira de Seguran\u00e7a M\u00e1xima Estadual das regi\u00f5es Norte e Nordeste. &#8220;O sistema prisional passou por uma grande transforma\u00e7\u00e3o nesses \u00faltimos dois anos e meio, com toda uma mudan\u00e7a na estrutura&hellip;<\/p>\n","protected":false},"author":1,"featured_media":22246,"comment_status":"open","ping_status":"open","sticky":false,"template":"","format":"standard","meta":{"footnotes":""},"categories":[1],"tags":[],"class_list":["post-22245","post","type-post","status-publish","format-standard","has-post-thumbnail","hentry","category-noticias"],"_links":{"self":[{"href":"https:\/\/blogdorogeriogomes.com.br\/noticias\/wp-json\/wp\/v2\/posts\/22245","targetHints":{"allow":["GET"]}}],"collection":[{"href":"https:\/\/blogdorogeriogomes.com.br\/noticias\/wp-json\/wp\/v2\/posts"}],"about":[{"href":"https:\/\/blogdorogeriogomes.com.br\/noticias\/wp-json\/wp\/v2\/types\/post"}],"author":[{"embeddable":true,"href":"https:\/\/blogdorogeriogomes.com.br\/noticias\/wp-json\/wp\/v2\/users\/1"}],"replies":[{"embeddable":true,"href":"https:\/\/blogdorogeriogomes.com.br\/noticias\/wp-json\/wp\/v2\/comments?post=22245"}],"version-history":[{"count":1,"href":"https:\/\/blogdorogeriogomes.com.br\/noticias\/wp-json\/wp\/v2\/posts\/22245\/revisions"}],"predecessor-version":[{"id":22247,"href":"https:\/\/blogdorogeriogomes.com.br\/noticias\/wp-json\/wp\/v2\/posts\/22245\/revisions\/22247"}],"wp:featuredmedia":[{"embeddable":true,"href":"https:\/\/blogdorogeriogomes.com.br\/noticias\/wp-json\/wp\/v2\/media\/22246"}],"wp:attachment":[{"href":"https:\/\/blogdorogeriogomes.com.br\/noticias\/wp-json\/wp\/v2\/media?parent=22245"}],"wp:term":[{"taxonomy":"category","embeddable":true,"href":"https:\/\/blogdorogeriogomes.com.br\/noticias\/wp-json\/wp\/v2\/categories?post=22245"},{"taxonomy":"post_tag","embeddable":true,"href":"https:\/\/blogdorogeriogomes.com.br\/noticias\/wp-json\/wp\/v2\/tags?post=22245"}],"curies":[{"name":"wp","href":"https:\/\/api.w.org\/{rel}","templated":true}]}}