{"id":22263,"date":"2021-08-05T23:38:21","date_gmt":"2021-08-05T23:38:21","guid":{"rendered":"https:\/\/blogdorogeriogomes.com.br\/?p=22263"},"modified":"2021-08-06T15:36:08","modified_gmt":"2021-08-06T15:36:08","slug":"no-retorno-dos-trabalhos-na-assembleia-legislativa-evandro-leitao-confirma-concurso-publico-e-reforca-defesa-da-democracia","status":"publish","type":"post","link":"https:\/\/blogdorogeriogomes.com.br\/noticias\/2021\/08\/no-retorno-dos-trabalhos-na-assembleia-legislativa-evandro-leitao-confirma-concurso-publico-e-reforca-defesa-da-democracia\/","title":{"rendered":"No retorno dos trabalhos na Assembleia Legislativa, Evandro Leit\u00e3o confirma concurso p\u00fablico e refor\u00e7a defesa da Democracia"},"content":{"rendered":"\n<p>Deputados estaduais voltaram \u00e0s sess\u00f5es presenciais nesta quinta-feira, dia 5 de agosto. Na abertura da sess\u00e3o plen\u00e1ria da Assembleia Legislativa, o presidente Evandro Leit\u00e3o destacou a confirma\u00e7\u00e3o da data do concurso p\u00fablico na AL, marcado para o dia 7 de novembro. O concurso foi anunciado no final de 2019, que precisou ser adiado por conta da pandemia. \u201cTenho a satisfa\u00e7\u00e3o de informar aos mais de 33 mil inscritos que j\u00e1 podem se preparar\u201d, afirmou. Tamb\u00e9m este m\u00eas est\u00e1 prevista a distribui\u00e7\u00e3o das 10 mil cestas b\u00e1sicas, aprovada no semestre passado. \u201cA Assembleia tem a fun\u00e7\u00e3o de amparar a popula\u00e7\u00e3o com menor poder aquisitivo, especialmente em momentos de calamidade, e \u00e9 ineg\u00e1vel a necessidade de a\u00e7\u00f5es para garantir o sustento dessas fam\u00edlias&#8221;, destacou.<\/p>\n\n\n\n<p>Em entrevista coletiva, Evandro Leit\u00e3o lamentou os constantes ataques \u00e0 democracia e \u00e0 Justi\u00e7a Eleitoral por parte do presidente Jair Bolsonaro.Para o parlamentar, a democracia \u00e9 o melhor caminho em dire\u00e7\u00e3o a um pa\u00eds igualit\u00e1rio e que os ataques violentos \u00e0s institui\u00e7\u00f5es e ao processo eleitoral enfraquecem a democracia de forma &#8220;inequ\u00edvoca&#8221;. \u201c\u00c9 paradoxal que essa estrat\u00e9gia tenha partido de uma autoridade que se valeu desse processo de vota\u00e7\u00e3o eletr\u00f4nico para chegar ao Pal\u00e1cio do Planalto e para eleger uma parcela significativa da sua base de sustenta\u00e7\u00e3o no Congresso Nacional\u201d, declarou ele, que defende as urnas eletr\u00f4nicas como &#8220;um patrim\u00f4nio do Brasil&#8221;, que &#8220;vale de inspira\u00e7\u00e3o para v\u00e1rios pa\u00edses do mundo&#8221;.&nbsp;<\/p>\n\n\n\n<figure class=\"wp-block-image size-large\"><img loading=\"lazy\" decoding=\"async\" width=\"1024\" height=\"682\" src=\"https:\/\/blogdorogeriogomes.com.br\/wp-content\/uploads\/2021\/08\/IMG-20210805-WA0123-1024x682.jpg\" alt=\"\" class=\"wp-image-22264\" srcset=\"https:\/\/blogdorogeriogomes.com.br\/noticias\/wp-content\/uploads\/2021\/08\/IMG-20210805-WA0123-1024x682.jpg 1024w, https:\/\/blogdorogeriogomes.com.br\/noticias\/wp-content\/uploads\/2021\/08\/IMG-20210805-WA0123-300x200.jpg 300w, https:\/\/blogdorogeriogomes.com.br\/noticias\/wp-content\/uploads\/2021\/08\/IMG-20210805-WA0123-768x512.jpg 768w, https:\/\/blogdorogeriogomes.com.br\/noticias\/wp-content\/uploads\/2021\/08\/IMG-20210805-WA0123-800x533.jpg 800w, https:\/\/blogdorogeriogomes.com.br\/noticias\/wp-content\/uploads\/2021\/08\/IMG-20210805-WA0123.jpg 1280w\" sizes=\"auto, (max-width: 1024px) 100vw, 1024px\" \/><\/figure>\n","protected":false},"excerpt":{"rendered":"<p>Deputados estaduais voltaram \u00e0s sess\u00f5es presenciais nesta quinta-feira, dia 5 de agosto. Na abertura da sess\u00e3o plen\u00e1ria da Assembleia Legislativa, o presidente Evandro Leit\u00e3o destacou a confirma\u00e7\u00e3o da data do concurso p\u00fablico na AL, marcado para o dia 7 de novembro. O concurso foi anunciado no final de 2019, que precisou ser adiado por conta da pandemia. \u201cTenho a satisfa\u00e7\u00e3o de informar aos mais de 33 mil inscritos que j\u00e1 podem se preparar\u201d, afirmou. Tamb\u00e9m este m\u00eas est\u00e1 prevista&hellip;<\/p>\n","protected":false},"author":1,"featured_media":22264,"comment_status":"open","ping_status":"open","sticky":false,"template":"","format":"standard","meta":{"footnotes":""},"categories":[1],"tags":[],"class_list":["post-22263","post","type-post","status-publish","format-standard","has-post-thumbnail","hentry","category-noticias"],"_links":{"self":[{"href":"https:\/\/blogdorogeriogomes.com.br\/noticias\/wp-json\/wp\/v2\/posts\/22263","targetHints":{"allow":["GET"]}}],"collection":[{"href":"https:\/\/blogdorogeriogomes.com.br\/noticias\/wp-json\/wp\/v2\/posts"}],"about":[{"href":"https:\/\/blogdorogeriogomes.com.br\/noticias\/wp-json\/wp\/v2\/types\/post"}],"author":[{"embeddable":true,"href":"https:\/\/blogdorogeriogomes.com.br\/noticias\/wp-json\/wp\/v2\/users\/1"}],"replies":[{"embeddable":true,"href":"https:\/\/blogdorogeriogomes.com.br\/noticias\/wp-json\/wp\/v2\/comments?post=22263"}],"version-history":[{"count":2,"href":"https:\/\/blogdorogeriogomes.com.br\/noticias\/wp-json\/wp\/v2\/posts\/22263\/revisions"}],"predecessor-version":[{"id":22273,"href":"https:\/\/blogdorogeriogomes.com.br\/noticias\/wp-json\/wp\/v2\/posts\/22263\/revisions\/22273"}],"wp:featuredmedia":[{"embeddable":true,"href":"https:\/\/blogdorogeriogomes.com.br\/noticias\/wp-json\/wp\/v2\/media\/22264"}],"wp:attachment":[{"href":"https:\/\/blogdorogeriogomes.com.br\/noticias\/wp-json\/wp\/v2\/media?parent=22263"}],"wp:term":[{"taxonomy":"category","embeddable":true,"href":"https:\/\/blogdorogeriogomes.com.br\/noticias\/wp-json\/wp\/v2\/categories?post=22263"},{"taxonomy":"post_tag","embeddable":true,"href":"https:\/\/blogdorogeriogomes.com.br\/noticias\/wp-json\/wp\/v2\/tags?post=22263"}],"curies":[{"name":"wp","href":"https:\/\/api.w.org\/{rel}","templated":true}]}}