{"id":22266,"date":"2021-08-06T09:55:37","date_gmt":"2021-08-06T09:55:37","guid":{"rendered":"https:\/\/blogdorogeriogomes.com.br\/?p=22266"},"modified":"2021-08-06T15:36:00","modified_gmt":"2021-08-06T15:36:00","slug":"bolsonaristas-perdem-primeiro-embate-na-camara-e-voto-impresso-e-rejeitado-arthur-lira-tenta-levar-debate-para-o-plenario","status":"publish","type":"post","link":"https:\/\/blogdorogeriogomes.com.br\/noticias\/2021\/08\/bolsonaristas-perdem-primeiro-embate-na-camara-e-voto-impresso-e-rejeitado-arthur-lira-tenta-levar-debate-para-o-plenario\/","title":{"rendered":"Bolsonaristas perdem primeiro embate na C\u00e2mara e voto impresso \u00e9 rejeitado. Arthur Lira tenta levar debate para o Plen\u00e1rio"},"content":{"rendered":"\n<p>A base bolsonarista na C\u00e2mara dos Deputados sofreu a primeira derrota em tentar trazer de volta o voto impresso para as elei\u00e7\u00f5es de 2022. Uma comiss\u00e3o especial na C\u00e2mara rejeitou nesta quinta-feira, dia de 5 de agosto, o relat\u00f3rio do deputado Filipe Barros (PSL-PR) favor\u00e1vel \u00e0 PEC do voto impresso. O parecer foi rejeitado por 23 a 11 na comiss\u00e3o.<\/p>\n\n\n\n<p>Alinhado ao que pensa o presidente Jair Bolsonaro, que n\u00e3o cansa de espalhar mentiras sobre a seguran\u00e7a das urnas eletr\u00f4nicas, o presidente da C\u00e2mara, Arthur Lira, ainda deve tentar uma \u00faltima cartada. Levar a ideia do voto impresso para an\u00e1lise do Plen\u00e1rio. As chances de aprova\u00e7\u00e3o s\u00e3o m\u00ednimas, mas Lira ter\u00e1 a ajuda de outro l\u00edder do Centr\u00e3o, o senador Ciro Nogueira, agora ministro da Casa Civil, para tentar convencer outros deputados a fazer altera\u00e7\u00f5es no sistema eleitoral.<\/p>\n\n\n\n<p>Voltar ao voto impresso significa retrocesso na seguran\u00e7a do sistema eleitoral. O que Bolsonaro deseja \u00e9 tumultuar as elei\u00e7\u00f5es em caso de uma derrota no pr\u00f3ximo ano. A sua queda nas pesquisas eleitorais faz com que ele ameace o STF com golpe militar. Por\u00e9m, a sociedade civil se mobiliza para defender o atual sistema e cobrar a realiza\u00e7\u00e3o das elei\u00e7\u00f5es. Custe o que custar.<div><br><\/div><\/p>\n\n\n\n<figure class=\"wp-block-image size-large\"><img loading=\"lazy\" decoding=\"async\" width=\"768\" height=\"512\" src=\"https:\/\/blogdorogeriogomes.com.br\/wp-content\/uploads\/2021\/08\/img20210805203742412-768x512-1.jpg\" alt=\"\" class=\"wp-image-22267\" srcset=\"https:\/\/blogdorogeriogomes.com.br\/noticias\/wp-content\/uploads\/2021\/08\/img20210805203742412-768x512-1.jpg 768w, https:\/\/blogdorogeriogomes.com.br\/noticias\/wp-content\/uploads\/2021\/08\/img20210805203742412-768x512-1-300x200.jpg 300w\" sizes=\"auto, (max-width: 768px) 100vw, 768px\" \/><\/figure>\n","protected":false},"excerpt":{"rendered":"<p>A base bolsonarista na C\u00e2mara dos Deputados sofreu a primeira derrota em tentar trazer de volta o voto impresso para as elei\u00e7\u00f5es de 2022. Uma comiss\u00e3o especial na C\u00e2mara rejeitou nesta quinta-feira, dia de 5 de agosto, o relat\u00f3rio do deputado Filipe Barros (PSL-PR) favor\u00e1vel \u00e0 PEC do voto impresso. O parecer foi rejeitado por 23 a 11 na comiss\u00e3o. Alinhado ao que pensa o presidente Jair Bolsonaro, que n\u00e3o cansa de espalhar mentiras sobre a seguran\u00e7a das urnas&hellip;<\/p>\n","protected":false},"author":1,"featured_media":22267,"comment_status":"open","ping_status":"open","sticky":false,"template":"","format":"standard","meta":{"footnotes":""},"categories":[1],"tags":[],"class_list":["post-22266","post","type-post","status-publish","format-standard","has-post-thumbnail","hentry","category-noticias"],"_links":{"self":[{"href":"https:\/\/blogdorogeriogomes.com.br\/noticias\/wp-json\/wp\/v2\/posts\/22266","targetHints":{"allow":["GET"]}}],"collection":[{"href":"https:\/\/blogdorogeriogomes.com.br\/noticias\/wp-json\/wp\/v2\/posts"}],"about":[{"href":"https:\/\/blogdorogeriogomes.com.br\/noticias\/wp-json\/wp\/v2\/types\/post"}],"author":[{"embeddable":true,"href":"https:\/\/blogdorogeriogomes.com.br\/noticias\/wp-json\/wp\/v2\/users\/1"}],"replies":[{"embeddable":true,"href":"https:\/\/blogdorogeriogomes.com.br\/noticias\/wp-json\/wp\/v2\/comments?post=22266"}],"version-history":[{"count":1,"href":"https:\/\/blogdorogeriogomes.com.br\/noticias\/wp-json\/wp\/v2\/posts\/22266\/revisions"}],"predecessor-version":[{"id":22268,"href":"https:\/\/blogdorogeriogomes.com.br\/noticias\/wp-json\/wp\/v2\/posts\/22266\/revisions\/22268"}],"wp:featuredmedia":[{"embeddable":true,"href":"https:\/\/blogdorogeriogomes.com.br\/noticias\/wp-json\/wp\/v2\/media\/22267"}],"wp:attachment":[{"href":"https:\/\/blogdorogeriogomes.com.br\/noticias\/wp-json\/wp\/v2\/media?parent=22266"}],"wp:term":[{"taxonomy":"category","embeddable":true,"href":"https:\/\/blogdorogeriogomes.com.br\/noticias\/wp-json\/wp\/v2\/categories?post=22266"},{"taxonomy":"post_tag","embeddable":true,"href":"https:\/\/blogdorogeriogomes.com.br\/noticias\/wp-json\/wp\/v2\/tags?post=22266"}],"curies":[{"name":"wp","href":"https:\/\/api.w.org\/{rel}","templated":true}]}}