{"id":22269,"date":"2021-08-06T10:26:20","date_gmt":"2021-08-06T10:26:20","guid":{"rendered":"https:\/\/blogdorogeriogomes.com.br\/?p=22269"},"modified":"2021-08-06T15:35:45","modified_gmt":"2021-08-06T15:35:45","slug":"justica-federal-da-prazo-ao-ministerio-da-saude-para-responder-sobre-cobranca-de-mais-vacinas-para-o-ceara","status":"publish","type":"post","link":"https:\/\/blogdorogeriogomes.com.br\/noticias\/2021\/08\/justica-federal-da-prazo-ao-ministerio-da-saude-para-responder-sobre-cobranca-de-mais-vacinas-para-o-ceara\/","title":{"rendered":"Justi\u00e7a Federal d\u00e1 prazo ao Minist\u00e9rio da Sa\u00fade para responder sobre cobran\u00e7a de mais vacinas para o Cear\u00e1"},"content":{"rendered":"\n<p>A&nbsp;Justi\u00e7a Federal entrou na briga pela cobran\u00e7a de mais vacinas contra a Covid-19 para o Cear\u00e1. Agora, o Governo Bolsonaro tem um prazo de cinco dias&nbsp;para se manifestar sobre o crit\u00e9rio de distribui\u00e7\u00e3o e repasse&nbsp;de imunizantes para os estados. Os Minist\u00e9rios&nbsp;P\u00fablicos do Estado (MPCE), Federal (MPF) e do Trabalho (MPT) entraram com uma a\u00e7\u00e3o civil p\u00fablica cobrando do Minist\u00e9rio da Sa\u00fade mais vacinas para o Cear\u00e1.<\/p>\n\n\n\n<p>Desde abril passado, o Governo do Cear\u00e1 cobra o repasse extra de 1 milh\u00e3o e 400 mil doses de vacinas contra o coronav\u00edrus, referente a imuniza\u00e7\u00e3o de grupos priorit\u00e1rios. A Justi\u00e7a Federal cobra resposta da Uni\u00e3o.<\/p>\n\n\n\n<p>Em S\u00e3o Paulo, o governador Jo\u00e3o D\u00f3ria (PSDB) tamb\u00e9m tem reclamado da distribui\u00e7\u00e3o irregular de vacinas pelo Minist\u00e9rio da Sa\u00fade. Segundo D\u00f3ria, o Governo Federal n\u00e3o tem cumprido o que cada estado tem direito de receber.<\/p>\n\n\n\n<figure class=\"wp-block-image size-large\"><img loading=\"lazy\" decoding=\"async\" width=\"1024\" height=\"682\" src=\"https:\/\/blogdorogeriogomes.com.br\/wp-content\/uploads\/2021\/08\/IMG-20210731-WA0096-1024x682.jpg\" alt=\"\" class=\"wp-image-22270\" srcset=\"https:\/\/blogdorogeriogomes.com.br\/noticias\/wp-content\/uploads\/2021\/08\/IMG-20210731-WA0096-1024x682.jpg 1024w, https:\/\/blogdorogeriogomes.com.br\/noticias\/wp-content\/uploads\/2021\/08\/IMG-20210731-WA0096-300x200.jpg 300w, https:\/\/blogdorogeriogomes.com.br\/noticias\/wp-content\/uploads\/2021\/08\/IMG-20210731-WA0096-768x512.jpg 768w, https:\/\/blogdorogeriogomes.com.br\/noticias\/wp-content\/uploads\/2021\/08\/IMG-20210731-WA0096-800x533.jpg 800w, https:\/\/blogdorogeriogomes.com.br\/noticias\/wp-content\/uploads\/2021\/08\/IMG-20210731-WA0096.jpg 1280w\" sizes=\"auto, (max-width: 1024px) 100vw, 1024px\" \/><\/figure>\n","protected":false},"excerpt":{"rendered":"<p>A&nbsp;Justi\u00e7a Federal entrou na briga pela cobran\u00e7a de mais vacinas contra a Covid-19 para o Cear\u00e1. Agora, o Governo Bolsonaro tem um prazo de cinco dias&nbsp;para se manifestar sobre o crit\u00e9rio de distribui\u00e7\u00e3o e repasse&nbsp;de imunizantes para os estados. Os Minist\u00e9rios&nbsp;P\u00fablicos do Estado (MPCE), Federal (MPF) e do Trabalho (MPT) entraram com uma a\u00e7\u00e3o civil p\u00fablica cobrando do Minist\u00e9rio da Sa\u00fade mais vacinas para o Cear\u00e1. Desde abril passado, o Governo do Cear\u00e1 cobra o repasse extra de 1&hellip;<\/p>\n","protected":false},"author":1,"featured_media":22270,"comment_status":"open","ping_status":"open","sticky":false,"template":"","format":"standard","meta":{"footnotes":""},"categories":[1],"tags":[],"class_list":["post-22269","post","type-post","status-publish","format-standard","has-post-thumbnail","hentry","category-noticias"],"_links":{"self":[{"href":"https:\/\/blogdorogeriogomes.com.br\/noticias\/wp-json\/wp\/v2\/posts\/22269","targetHints":{"allow":["GET"]}}],"collection":[{"href":"https:\/\/blogdorogeriogomes.com.br\/noticias\/wp-json\/wp\/v2\/posts"}],"about":[{"href":"https:\/\/blogdorogeriogomes.com.br\/noticias\/wp-json\/wp\/v2\/types\/post"}],"author":[{"embeddable":true,"href":"https:\/\/blogdorogeriogomes.com.br\/noticias\/wp-json\/wp\/v2\/users\/1"}],"replies":[{"embeddable":true,"href":"https:\/\/blogdorogeriogomes.com.br\/noticias\/wp-json\/wp\/v2\/comments?post=22269"}],"version-history":[{"count":2,"href":"https:\/\/blogdorogeriogomes.com.br\/noticias\/wp-json\/wp\/v2\/posts\/22269\/revisions"}],"predecessor-version":[{"id":22272,"href":"https:\/\/blogdorogeriogomes.com.br\/noticias\/wp-json\/wp\/v2\/posts\/22269\/revisions\/22272"}],"wp:featuredmedia":[{"embeddable":true,"href":"https:\/\/blogdorogeriogomes.com.br\/noticias\/wp-json\/wp\/v2\/media\/22270"}],"wp:attachment":[{"href":"https:\/\/blogdorogeriogomes.com.br\/noticias\/wp-json\/wp\/v2\/media?parent=22269"}],"wp:term":[{"taxonomy":"category","embeddable":true,"href":"https:\/\/blogdorogeriogomes.com.br\/noticias\/wp-json\/wp\/v2\/categories?post=22269"},{"taxonomy":"post_tag","embeddable":true,"href":"https:\/\/blogdorogeriogomes.com.br\/noticias\/wp-json\/wp\/v2\/tags?post=22269"}],"curies":[{"name":"wp","href":"https:\/\/api.w.org\/{rel}","templated":true}]}}