{"id":22277,"date":"2021-08-06T18:13:45","date_gmt":"2021-08-06T18:13:45","guid":{"rendered":"https:\/\/blogdorogeriogomes.com.br\/?p=22277"},"modified":"2021-08-09T15:45:13","modified_gmt":"2021-08-09T15:45:13","slug":"com-15-casos-da-variante-delta-no-estado-governo-do-ceara-nao-avanca-na-reabertura-em-novo-decreto","status":"publish","type":"post","link":"https:\/\/blogdorogeriogomes.com.br\/noticias\/2021\/08\/com-15-casos-da-variante-delta-no-estado-governo-do-ceara-nao-avanca-na-reabertura-em-novo-decreto\/","title":{"rendered":"Com 15 casos da variante Delta no Estado, Governo do Cear\u00e1 n\u00e3o avan\u00e7a na reabertura em novo decreto"},"content":{"rendered":"\n<p>Em transmiss\u00e3o ao vivo nas redes sociais nesta sexta-feira, dia 6 de agosto, o governador Camilo Santana (PT) anunciou que n\u00e3o haver\u00e1 novas medidas de flexibiliza\u00e7\u00e3o do isolamento social no novo decreto do Governo do Estado. A decis\u00e3o vem como foram de precau\u00e7\u00e3o diante do surgimento de 15 casos da variante Delta da Covid-19 em munic\u00edpios cearenses. Os infectados vieram de passageiros do Rio de Janeiro, M\u00e9xico, Recife e S\u00e3o Paulo.<\/p>\n\n\n\n<p>Desta forma, seguem prorrogadas as atuais regras do decreto por mais duas semanas. O \u00faltimo avan\u00e7o na reabertura da economia foi a autoriza\u00e7\u00e3o para restaurantes, bares e barracas de praia funcionarem at\u00e9 as 23 horas. O toque de recolher tamb\u00e9m havia sido modificado para o per\u00edodo entre 00h e 5 horas.<\/p>\n\n\n\n<p>O governador ressaltou que o n\u00famero de casos e n\u00famero de \u00f3bitos pelo coronav\u00edrus continuam em queda. Al\u00e9m disso, a manuten\u00e7\u00e3o da demanda assistencial tamb\u00e9m segue diminuindo. No entanto, \u00e9 preciso cautela para que se observe o andamento da variante Delta no Estado, ao mesmo passo em que se intensifica o plano de imuniza\u00e7\u00e3o dos cearenses.<\/p>\n\n\n\n<p>O novo decreto, sem altera\u00e7\u00f5es, entra em vigor na pr\u00f3xima segunda-feira, dia 9 de agosto.<\/p>\n\n\n\n<figure class=\"wp-block-image size-large\"><img loading=\"lazy\" decoding=\"async\" width=\"678\" height=\"452\" src=\"https:\/\/blogdorogeriogomes.com.br\/wp-content\/uploads\/2021\/08\/images-2021-08-06T151021.718.jpeg\" alt=\"\" class=\"wp-image-22278\" srcset=\"https:\/\/blogdorogeriogomes.com.br\/noticias\/wp-content\/uploads\/2021\/08\/images-2021-08-06T151021.718.jpeg 678w, https:\/\/blogdorogeriogomes.com.br\/noticias\/wp-content\/uploads\/2021\/08\/images-2021-08-06T151021.718-300x200.jpeg 300w\" sizes=\"auto, (max-width: 678px) 100vw, 678px\" \/><\/figure>\n","protected":false},"excerpt":{"rendered":"<p>Em transmiss\u00e3o ao vivo nas redes sociais nesta sexta-feira, dia 6 de agosto, o governador Camilo Santana (PT) anunciou que n\u00e3o haver\u00e1 novas medidas de flexibiliza\u00e7\u00e3o do isolamento social no novo decreto do Governo do Estado. A decis\u00e3o vem como foram de precau\u00e7\u00e3o diante do surgimento de 15 casos da variante Delta da Covid-19 em munic\u00edpios cearenses. Os infectados vieram de passageiros do Rio de Janeiro, M\u00e9xico, Recife e S\u00e3o Paulo. Desta forma, seguem prorrogadas as atuais regras do&hellip;<\/p>\n","protected":false},"author":1,"featured_media":22278,"comment_status":"open","ping_status":"open","sticky":false,"template":"","format":"standard","meta":{"footnotes":""},"categories":[1],"tags":[],"class_list":["post-22277","post","type-post","status-publish","format-standard","has-post-thumbnail","hentry","category-noticias"],"_links":{"self":[{"href":"https:\/\/blogdorogeriogomes.com.br\/noticias\/wp-json\/wp\/v2\/posts\/22277","targetHints":{"allow":["GET"]}}],"collection":[{"href":"https:\/\/blogdorogeriogomes.com.br\/noticias\/wp-json\/wp\/v2\/posts"}],"about":[{"href":"https:\/\/blogdorogeriogomes.com.br\/noticias\/wp-json\/wp\/v2\/types\/post"}],"author":[{"embeddable":true,"href":"https:\/\/blogdorogeriogomes.com.br\/noticias\/wp-json\/wp\/v2\/users\/1"}],"replies":[{"embeddable":true,"href":"https:\/\/blogdorogeriogomes.com.br\/noticias\/wp-json\/wp\/v2\/comments?post=22277"}],"version-history":[{"count":1,"href":"https:\/\/blogdorogeriogomes.com.br\/noticias\/wp-json\/wp\/v2\/posts\/22277\/revisions"}],"predecessor-version":[{"id":22279,"href":"https:\/\/blogdorogeriogomes.com.br\/noticias\/wp-json\/wp\/v2\/posts\/22277\/revisions\/22279"}],"wp:featuredmedia":[{"embeddable":true,"href":"https:\/\/blogdorogeriogomes.com.br\/noticias\/wp-json\/wp\/v2\/media\/22278"}],"wp:attachment":[{"href":"https:\/\/blogdorogeriogomes.com.br\/noticias\/wp-json\/wp\/v2\/media?parent=22277"}],"wp:term":[{"taxonomy":"category","embeddable":true,"href":"https:\/\/blogdorogeriogomes.com.br\/noticias\/wp-json\/wp\/v2\/categories?post=22277"},{"taxonomy":"post_tag","embeddable":true,"href":"https:\/\/blogdorogeriogomes.com.br\/noticias\/wp-json\/wp\/v2\/tags?post=22277"}],"curies":[{"name":"wp","href":"https:\/\/api.w.org\/{rel}","templated":true}]}}