{"id":22280,"date":"2021-08-07T12:20:48","date_gmt":"2021-08-07T12:20:48","guid":{"rendered":"https:\/\/blogdorogeriogomes.com.br\/?p=22280"},"modified":"2021-08-09T15:45:04","modified_gmt":"2021-08-09T15:45:04","slug":"apesar-da-variante-delta-fortaleza-teve-menor-numero-de-mortes-por-covid-19-em-11-meses","status":"publish","type":"post","link":"https:\/\/blogdorogeriogomes.com.br\/noticias\/2021\/08\/apesar-da-variante-delta-fortaleza-teve-menor-numero-de-mortes-por-covid-19-em-11-meses\/","title":{"rendered":"Apesar da variante Delta, Fortaleza teve menor n\u00famero de mortes por Covid-19 em 11 meses"},"content":{"rendered":"\n<p>Apesar do registro de 15 casos da variante Delta do coronav\u00edrus, no Cear\u00e1,  o m\u00eas de julho de 2021, em Fortaleza, registrou a menor n\u00famero de mortes por Covid-19 dos \u00faltimos 11 meses. Segundo a Secretaria de Sa\u00fade do Munic\u00edpio, em julho, a Capital teve 105 \u00f3bitos por coronav\u00edrus, menor quantidade de v\u00edtimas desde outubro do ano passado, quando foram registradas 56 mortes.<\/p>\n\n\n\n<p>A Capital cearense tamb\u00e9m registra a menor m\u00e9dia di\u00e1ria de mortes por coronav\u00edrus em um m\u00eas desde setembro de 2020. A m\u00e9dia di\u00e1ria em julho foi 3,4 mortes di\u00e1rias.<\/p>\n\n\n\n<figure class=\"wp-block-image size-large\"><img loading=\"lazy\" decoding=\"async\" width=\"716\" height=\"428\" src=\"https:\/\/blogdorogeriogomes.com.br\/wp-content\/uploads\/2021\/08\/images-2021-08-07T091945.912.jpeg\" alt=\"\" class=\"wp-image-22281\" srcset=\"https:\/\/blogdorogeriogomes.com.br\/noticias\/wp-content\/uploads\/2021\/08\/images-2021-08-07T091945.912.jpeg 716w, https:\/\/blogdorogeriogomes.com.br\/noticias\/wp-content\/uploads\/2021\/08\/images-2021-08-07T091945.912-300x179.jpeg 300w\" sizes=\"auto, (max-width: 716px) 100vw, 716px\" \/><\/figure>\n","protected":false},"excerpt":{"rendered":"<p>Apesar do registro de 15 casos da variante Delta do coronav\u00edrus, no Cear\u00e1, o m\u00eas de julho de 2021, em Fortaleza, registrou a menor n\u00famero de mortes por Covid-19 dos \u00faltimos 11 meses. Segundo a Secretaria de Sa\u00fade do Munic\u00edpio, em julho, a Capital teve 105 \u00f3bitos por coronav\u00edrus, menor quantidade de v\u00edtimas desde outubro do ano passado, quando foram registradas 56 mortes. A Capital cearense tamb\u00e9m registra a menor m\u00e9dia di\u00e1ria de mortes por coronav\u00edrus em um m\u00eas&hellip;<\/p>\n","protected":false},"author":1,"featured_media":22281,"comment_status":"open","ping_status":"open","sticky":false,"template":"","format":"standard","meta":{"footnotes":""},"categories":[1],"tags":[],"class_list":["post-22280","post","type-post","status-publish","format-standard","has-post-thumbnail","hentry","category-noticias"],"_links":{"self":[{"href":"https:\/\/blogdorogeriogomes.com.br\/noticias\/wp-json\/wp\/v2\/posts\/22280","targetHints":{"allow":["GET"]}}],"collection":[{"href":"https:\/\/blogdorogeriogomes.com.br\/noticias\/wp-json\/wp\/v2\/posts"}],"about":[{"href":"https:\/\/blogdorogeriogomes.com.br\/noticias\/wp-json\/wp\/v2\/types\/post"}],"author":[{"embeddable":true,"href":"https:\/\/blogdorogeriogomes.com.br\/noticias\/wp-json\/wp\/v2\/users\/1"}],"replies":[{"embeddable":true,"href":"https:\/\/blogdorogeriogomes.com.br\/noticias\/wp-json\/wp\/v2\/comments?post=22280"}],"version-history":[{"count":1,"href":"https:\/\/blogdorogeriogomes.com.br\/noticias\/wp-json\/wp\/v2\/posts\/22280\/revisions"}],"predecessor-version":[{"id":22282,"href":"https:\/\/blogdorogeriogomes.com.br\/noticias\/wp-json\/wp\/v2\/posts\/22280\/revisions\/22282"}],"wp:featuredmedia":[{"embeddable":true,"href":"https:\/\/blogdorogeriogomes.com.br\/noticias\/wp-json\/wp\/v2\/media\/22281"}],"wp:attachment":[{"href":"https:\/\/blogdorogeriogomes.com.br\/noticias\/wp-json\/wp\/v2\/media?parent=22280"}],"wp:term":[{"taxonomy":"category","embeddable":true,"href":"https:\/\/blogdorogeriogomes.com.br\/noticias\/wp-json\/wp\/v2\/categories?post=22280"},{"taxonomy":"post_tag","embeddable":true,"href":"https:\/\/blogdorogeriogomes.com.br\/noticias\/wp-json\/wp\/v2\/tags?post=22280"}],"curies":[{"name":"wp","href":"https:\/\/api.w.org\/{rel}","templated":true}]}}