{"id":22299,"date":"2021-08-09T23:24:29","date_gmt":"2021-08-09T23:24:29","guid":{"rendered":"https:\/\/blogdorogeriogomes.com.br\/?p=22299"},"modified":"2021-08-10T09:06:36","modified_gmt":"2021-08-10T09:06:36","slug":"fortaleza-recebe-novas-doses-de-vacinas-para-a-covid-19-e-passa-a-vacinar-nascidos-em-1998-e-1999","status":"publish","type":"post","link":"https:\/\/blogdorogeriogomes.com.br\/noticias\/2021\/08\/fortaleza-recebe-novas-doses-de-vacinas-para-a-covid-19-e-passa-a-vacinar-nascidos-em-1998-e-1999\/","title":{"rendered":"Fortaleza recebe novas doses de vacinas para a Covid-19 e passa a imunizar nascidos em 1998 e 1999"},"content":{"rendered":"\n<p>Fortaleza recebeu novas doses de vacinas contra o coronav\u00edrus, nesta segunda-feira, dia 9 de agosto, e avan\u00e7a na imuniza\u00e7\u00e3o para a faixa et\u00e1ria de nascidos em 1998 e 1999, a partir da pr\u00f3xima quarta-feira, dia 11. O p\u00fablico que tem entre 22 e 23 anos j\u00e1 pode conferir o cadastro no aplicativo Vacine J\u00e1&nbsp;ou aguardar a divulga\u00e7\u00e3o das listas de agendamento pela Prefeitura de Fortaleza, que comunica os contemplados atrav\u00e9s de mensagem no celular. A Capital cearense superou nesta segunda-feira a marca de 1 milh\u00e3o e 502 mil vacinados com a primeira dose e 606 mil com a segunda.<\/p>\n\n\n\n<p>Um lote com 73.800 doses da vacina CoronaVac chegou ao Cear\u00e1 na tarde desta segunda-feira a Fortaleza. O Cear\u00e1 ainda recebe hoje outro lote contendo 154.440 doses da Pfizer\/BionTech. No total, s\u00e3o 228.240 novas doses de vacina contra a Covid-19 para entrar no plano de imuniza\u00e7\u00e3o do Estado.<\/p>\n\n\n\n<figure class=\"wp-block-image size-large\"><img loading=\"lazy\" decoding=\"async\" width=\"1024\" height=\"682\" src=\"https:\/\/blogdorogeriogomes.com.br\/wp-content\/uploads\/2021\/08\/IMG-20210731-WA0087-1024x682.jpg\" alt=\"\" class=\"wp-image-22300\" srcset=\"https:\/\/blogdorogeriogomes.com.br\/noticias\/wp-content\/uploads\/2021\/08\/IMG-20210731-WA0087-1024x682.jpg 1024w, https:\/\/blogdorogeriogomes.com.br\/noticias\/wp-content\/uploads\/2021\/08\/IMG-20210731-WA0087-300x200.jpg 300w, https:\/\/blogdorogeriogomes.com.br\/noticias\/wp-content\/uploads\/2021\/08\/IMG-20210731-WA0087-768x512.jpg 768w, https:\/\/blogdorogeriogomes.com.br\/noticias\/wp-content\/uploads\/2021\/08\/IMG-20210731-WA0087-800x533.jpg 800w, https:\/\/blogdorogeriogomes.com.br\/noticias\/wp-content\/uploads\/2021\/08\/IMG-20210731-WA0087.jpg 1280w\" sizes=\"auto, (max-width: 1024px) 100vw, 1024px\" \/><\/figure>\n","protected":false},"excerpt":{"rendered":"<p>Fortaleza recebeu novas doses de vacinas contra o coronav\u00edrus, nesta segunda-feira, dia 9 de agosto, e avan\u00e7a na imuniza\u00e7\u00e3o para a faixa et\u00e1ria de nascidos em 1998 e 1999, a partir da pr\u00f3xima quarta-feira, dia 11. O p\u00fablico que tem entre 22 e 23 anos j\u00e1 pode conferir o cadastro no aplicativo Vacine J\u00e1&nbsp;ou aguardar a divulga\u00e7\u00e3o das listas de agendamento pela Prefeitura de Fortaleza, que comunica os contemplados atrav\u00e9s de mensagem no celular. A Capital cearense superou nesta&hellip;<\/p>\n","protected":false},"author":1,"featured_media":22300,"comment_status":"open","ping_status":"open","sticky":false,"template":"","format":"standard","meta":{"footnotes":""},"categories":[1],"tags":[],"class_list":["post-22299","post","type-post","status-publish","format-standard","has-post-thumbnail","hentry","category-noticias"],"_links":{"self":[{"href":"https:\/\/blogdorogeriogomes.com.br\/noticias\/wp-json\/wp\/v2\/posts\/22299","targetHints":{"allow":["GET"]}}],"collection":[{"href":"https:\/\/blogdorogeriogomes.com.br\/noticias\/wp-json\/wp\/v2\/posts"}],"about":[{"href":"https:\/\/blogdorogeriogomes.com.br\/noticias\/wp-json\/wp\/v2\/types\/post"}],"author":[{"embeddable":true,"href":"https:\/\/blogdorogeriogomes.com.br\/noticias\/wp-json\/wp\/v2\/users\/1"}],"replies":[{"embeddable":true,"href":"https:\/\/blogdorogeriogomes.com.br\/noticias\/wp-json\/wp\/v2\/comments?post=22299"}],"version-history":[{"count":2,"href":"https:\/\/blogdorogeriogomes.com.br\/noticias\/wp-json\/wp\/v2\/posts\/22299\/revisions"}],"predecessor-version":[{"id":22302,"href":"https:\/\/blogdorogeriogomes.com.br\/noticias\/wp-json\/wp\/v2\/posts\/22299\/revisions\/22302"}],"wp:featuredmedia":[{"embeddable":true,"href":"https:\/\/blogdorogeriogomes.com.br\/noticias\/wp-json\/wp\/v2\/media\/22300"}],"wp:attachment":[{"href":"https:\/\/blogdorogeriogomes.com.br\/noticias\/wp-json\/wp\/v2\/media?parent=22299"}],"wp:term":[{"taxonomy":"category","embeddable":true,"href":"https:\/\/blogdorogeriogomes.com.br\/noticias\/wp-json\/wp\/v2\/categories?post=22299"},{"taxonomy":"post_tag","embeddable":true,"href":"https:\/\/blogdorogeriogomes.com.br\/noticias\/wp-json\/wp\/v2\/tags?post=22299"}],"curies":[{"name":"wp","href":"https:\/\/api.w.org\/{rel}","templated":true}]}}