{"id":22305,"date":"2021-08-10T10:23:54","date_gmt":"2021-08-10T10:23:54","guid":{"rendered":"https:\/\/blogdorogeriogomes.com.br\/?p=22305"},"modified":"2021-08-11T11:52:01","modified_gmt":"2021-08-11T11:52:01","slug":"bolsonaro-e-lula-visitam-o-ceara-em-agosto-de-olho-nas-articulacoes-politicas-para-2022","status":"publish","type":"post","link":"https:\/\/blogdorogeriogomes.com.br\/noticias\/2021\/08\/bolsonaro-e-lula-visitam-o-ceara-em-agosto-de-olho-nas-articulacoes-politicas-para-2022\/","title":{"rendered":"Bolsonaro e Lula visitam o Cear\u00e1 em agosto de olho nas articula\u00e7\u00f5es pol\u00edticas para 2022"},"content":{"rendered":"\n<p>Em meio a uma crise com o STF, o presidente Jair Bolsonaro visita o Cear\u00e1 na pr\u00f3xima sexta-feira, dia 13 de agosto. Ele vir\u00e1 a Crato e Juazeiro do Norte, na regi\u00e3o do Cariri, para a entrega de unidades habitacionais populares. No entanto, a a\u00e7\u00e3o de Bolsonaro tem rela\u00e7\u00e3o com uma campanha eleitoral antecipada, como vem acontecendo em outras visitas pelo Nordeste e outras regi\u00f5es do Pa\u00eds. O presidente da Rep\u00fablica j\u00e1 anuncia um reajuste do valor do Bolsa Fam\u00edlia, que deve mudar de nome para Aux\u00edlio Brasil, a fim de recuperar sua popularidade entre os mais pobres.<\/p>\n\n\n\n<p>J\u00e1 o ex-presidente Lula (PT) chega ao Cear\u00e1 na segunda quinzena de agosto. Lula n\u00e3o far\u00e1 eventos p\u00fablicos. A ideia \u00e9 vir participar de um encontro com o governador Camilo Santana e com outras lideran\u00e7as pol\u00edticas locais. Na pauta, as articula\u00e7\u00f5es para as elei\u00e7\u00f5es de 2022. Lula quer organizar um palanque no Cear\u00e1 para a disputa presidencial, mas quer orientar o PT nas alian\u00e7as para a disputa estadual que podem envolver um acordo com o PDT em uma eventual candidatura de Camilo Santana para o Senado. A cabe\u00e7a de chapa para o Governo ficaria com os pedetistas dos irm\u00e3os Ciro e Cid Ferreira Gomes.<\/p>\n\n\n\n<figure class=\"wp-block-image size-large\"><img loading=\"lazy\" decoding=\"async\" width=\"652\" height=\"470\" src=\"https:\/\/blogdorogeriogomes.com.br\/wp-content\/uploads\/2021\/08\/images-2021-08-10T071238.892.jpeg\" alt=\"\" class=\"wp-image-22306\" srcset=\"https:\/\/blogdorogeriogomes.com.br\/noticias\/wp-content\/uploads\/2021\/08\/images-2021-08-10T071238.892.jpeg 652w, https:\/\/blogdorogeriogomes.com.br\/noticias\/wp-content\/uploads\/2021\/08\/images-2021-08-10T071238.892-300x216.jpeg 300w\" sizes=\"auto, (max-width: 652px) 100vw, 652px\" \/><\/figure>\n","protected":false},"excerpt":{"rendered":"<p>Em meio a uma crise com o STF, o presidente Jair Bolsonaro visita o Cear\u00e1 na pr\u00f3xima sexta-feira, dia 13 de agosto. Ele vir\u00e1 a Crato e Juazeiro do Norte, na regi\u00e3o do Cariri, para a entrega de unidades habitacionais populares. No entanto, a a\u00e7\u00e3o de Bolsonaro tem rela\u00e7\u00e3o com uma campanha eleitoral antecipada, como vem acontecendo em outras visitas pelo Nordeste e outras regi\u00f5es do Pa\u00eds. O presidente da Rep\u00fablica j\u00e1 anuncia um reajuste do valor do Bolsa&hellip;<\/p>\n","protected":false},"author":1,"featured_media":22306,"comment_status":"open","ping_status":"open","sticky":false,"template":"","format":"standard","meta":{"footnotes":""},"categories":[1],"tags":[],"class_list":["post-22305","post","type-post","status-publish","format-standard","has-post-thumbnail","hentry","category-noticias"],"_links":{"self":[{"href":"https:\/\/blogdorogeriogomes.com.br\/noticias\/wp-json\/wp\/v2\/posts\/22305","targetHints":{"allow":["GET"]}}],"collection":[{"href":"https:\/\/blogdorogeriogomes.com.br\/noticias\/wp-json\/wp\/v2\/posts"}],"about":[{"href":"https:\/\/blogdorogeriogomes.com.br\/noticias\/wp-json\/wp\/v2\/types\/post"}],"author":[{"embeddable":true,"href":"https:\/\/blogdorogeriogomes.com.br\/noticias\/wp-json\/wp\/v2\/users\/1"}],"replies":[{"embeddable":true,"href":"https:\/\/blogdorogeriogomes.com.br\/noticias\/wp-json\/wp\/v2\/comments?post=22305"}],"version-history":[{"count":1,"href":"https:\/\/blogdorogeriogomes.com.br\/noticias\/wp-json\/wp\/v2\/posts\/22305\/revisions"}],"predecessor-version":[{"id":22307,"href":"https:\/\/blogdorogeriogomes.com.br\/noticias\/wp-json\/wp\/v2\/posts\/22305\/revisions\/22307"}],"wp:featuredmedia":[{"embeddable":true,"href":"https:\/\/blogdorogeriogomes.com.br\/noticias\/wp-json\/wp\/v2\/media\/22306"}],"wp:attachment":[{"href":"https:\/\/blogdorogeriogomes.com.br\/noticias\/wp-json\/wp\/v2\/media?parent=22305"}],"wp:term":[{"taxonomy":"category","embeddable":true,"href":"https:\/\/blogdorogeriogomes.com.br\/noticias\/wp-json\/wp\/v2\/categories?post=22305"},{"taxonomy":"post_tag","embeddable":true,"href":"https:\/\/blogdorogeriogomes.com.br\/noticias\/wp-json\/wp\/v2\/tags?post=22305"}],"curies":[{"name":"wp","href":"https:\/\/api.w.org\/{rel}","templated":true}]}}