{"id":22312,"date":"2021-08-10T20:33:17","date_gmt":"2021-08-10T20:33:17","guid":{"rendered":"https:\/\/blogdorogeriogomes.com.br\/?p=22312"},"modified":"2021-08-11T11:52:09","modified_gmt":"2021-08-11T11:52:09","slug":"governo-do-ceara-cria-programa-para-garantir-internet-gratuita-a-todos-os-municipios-cearenses","status":"publish","type":"post","link":"https:\/\/blogdorogeriogomes.com.br\/noticias\/2021\/08\/governo-do-ceara-cria-programa-para-garantir-internet-gratuita-a-todos-os-municipios-cearenses\/","title":{"rendered":"Governo do Cear\u00e1 cria programa para garantir internet gratuita a todos os munic\u00edpios cearenses"},"content":{"rendered":"\n<p>O governador Camilo Santana (PT) anunciou nesta ter\u00e7a-feira, dia 10 de agosto, que ir\u00e1 encaminhar para a Assembleia Legislativa do Cear\u00e1 o projeto de lei que tem o objetivo de garantir internet gratuita em espa\u00e7os p\u00fablicos nos 184 munic\u00edpios cearenses. O Programa Cear\u00e1 Conectado envolver\u00e1 a instala\u00e7\u00e3o de estrutura tecnol\u00f3gica em pra\u00e7as centrais de cada localidade.<\/p>\n\n\n\n<p>Camilo explica que esta a\u00e7\u00e3o faz parte da estrat\u00e9gia de transformar o Estado em um grande hub tecnol\u00f3gico do Brasil para o resto do mundo. &#8220;O Cear\u00e1 \u00e9 o segundo ponto mais conectado do planeta. Os cabos de internet que entram no Brasil, entram pelo Cear\u00e1. N\u00f3s estamos vivendo no mundo da conectividade&#8221;, destacou.<\/p>\n\n\n\n<p>O chefe do Executivo lembrou ainda que o Cear\u00e1 tem garantido a inclus\u00e3o digital para fam\u00edlias cearenses, com entrega de tablets para alunos da rede p\u00fablica estadual, os notebooks para os professores, al\u00e9m de conectividade nas escolas. &#8220;O Cintur\u00e3o Digital, \u00e9 investimento em conectividade. Hoje, somos o estado com maior rede de fibra \u00f3ptica do Brasil&#8221;.<\/p>\n\n\n\n<p>A mat\u00e9ria governamental segue para vota\u00e7\u00e3o na Assembleia Legislativa nos pr\u00f3ximos dias e, aprovada, voltar\u00e1 para o Pal\u00e1cio da Aboli\u00e7\u00e3o para ser sancionada pelo governador.<\/p>\n\n\n\n<figure class=\"wp-block-image size-large\"><img loading=\"lazy\" decoding=\"async\" width=\"678\" height=\"452\" src=\"https:\/\/blogdorogeriogomes.com.br\/wp-content\/uploads\/2021\/08\/images-2021-08-10T173103.875.jpeg\" alt=\"\" class=\"wp-image-22313\" srcset=\"https:\/\/blogdorogeriogomes.com.br\/noticias\/wp-content\/uploads\/2021\/08\/images-2021-08-10T173103.875.jpeg 678w, https:\/\/blogdorogeriogomes.com.br\/noticias\/wp-content\/uploads\/2021\/08\/images-2021-08-10T173103.875-300x200.jpeg 300w\" sizes=\"auto, (max-width: 678px) 100vw, 678px\" \/><\/figure>\n","protected":false},"excerpt":{"rendered":"<p>O governador Camilo Santana (PT) anunciou nesta ter\u00e7a-feira, dia 10 de agosto, que ir\u00e1 encaminhar para a Assembleia Legislativa do Cear\u00e1 o projeto de lei que tem o objetivo de garantir internet gratuita em espa\u00e7os p\u00fablicos nos 184 munic\u00edpios cearenses. O Programa Cear\u00e1 Conectado envolver\u00e1 a instala\u00e7\u00e3o de estrutura tecnol\u00f3gica em pra\u00e7as centrais de cada localidade. Camilo explica que esta a\u00e7\u00e3o faz parte da estrat\u00e9gia de transformar o Estado em um grande hub tecnol\u00f3gico do Brasil para o resto&hellip;<\/p>\n","protected":false},"author":1,"featured_media":22313,"comment_status":"open","ping_status":"open","sticky":false,"template":"","format":"standard","meta":{"footnotes":""},"categories":[1],"tags":[],"class_list":["post-22312","post","type-post","status-publish","format-standard","has-post-thumbnail","hentry","category-noticias"],"_links":{"self":[{"href":"https:\/\/blogdorogeriogomes.com.br\/noticias\/wp-json\/wp\/v2\/posts\/22312","targetHints":{"allow":["GET"]}}],"collection":[{"href":"https:\/\/blogdorogeriogomes.com.br\/noticias\/wp-json\/wp\/v2\/posts"}],"about":[{"href":"https:\/\/blogdorogeriogomes.com.br\/noticias\/wp-json\/wp\/v2\/types\/post"}],"author":[{"embeddable":true,"href":"https:\/\/blogdorogeriogomes.com.br\/noticias\/wp-json\/wp\/v2\/users\/1"}],"replies":[{"embeddable":true,"href":"https:\/\/blogdorogeriogomes.com.br\/noticias\/wp-json\/wp\/v2\/comments?post=22312"}],"version-history":[{"count":1,"href":"https:\/\/blogdorogeriogomes.com.br\/noticias\/wp-json\/wp\/v2\/posts\/22312\/revisions"}],"predecessor-version":[{"id":22314,"href":"https:\/\/blogdorogeriogomes.com.br\/noticias\/wp-json\/wp\/v2\/posts\/22312\/revisions\/22314"}],"wp:featuredmedia":[{"embeddable":true,"href":"https:\/\/blogdorogeriogomes.com.br\/noticias\/wp-json\/wp\/v2\/media\/22313"}],"wp:attachment":[{"href":"https:\/\/blogdorogeriogomes.com.br\/noticias\/wp-json\/wp\/v2\/media?parent=22312"}],"wp:term":[{"taxonomy":"category","embeddable":true,"href":"https:\/\/blogdorogeriogomes.com.br\/noticias\/wp-json\/wp\/v2\/categories?post=22312"},{"taxonomy":"post_tag","embeddable":true,"href":"https:\/\/blogdorogeriogomes.com.br\/noticias\/wp-json\/wp\/v2\/tags?post=22312"}],"curies":[{"name":"wp","href":"https:\/\/api.w.org\/{rel}","templated":true}]}}