{"id":22315,"date":"2021-08-11T01:30:22","date_gmt":"2021-08-11T01:30:22","guid":{"rendered":"https:\/\/blogdorogeriogomes.com.br\/?p=22315"},"modified":"2021-08-11T11:51:15","modified_gmt":"2021-08-11T11:51:15","slug":"bolsonaro-perde-mais-uma-na-camara-e-pec-do-voto-impresso-e-rejeitada-no-plenario","status":"publish","type":"post","link":"https:\/\/blogdorogeriogomes.com.br\/noticias\/2021\/08\/bolsonaro-perde-mais-uma-na-camara-e-pec-do-voto-impresso-e-rejeitada-no-plenario\/","title":{"rendered":"Bolsonaro perde mais uma na C\u00e2mara e PEC do voto impresso \u00e9 rejeitada no Plen\u00e1rio"},"content":{"rendered":"\n<p>N\u00e3o adiantou a press\u00e3o do desfile militar promovido por Bolsonaro na Esplanada dos Minist\u00e9rios, em Bras\u00edlia. Os governistas n\u00e3o tiveram voto suficiente para aprovar a PEC do voto impresso, que foi rejeitada no Plen\u00e1rio da C\u00e2mara dos Deputados, na noite desta ter\u00e7a-feira, dia 10 de agosto.<\/p>\n\n\n\n<p>A queda da pauta representa uma grande derrota para o presidente Jair Bolsonaro (sem partido) e seus aliados, visto que os ataques bolsonaristas ao sistema eleitoral com urnas eletr\u00f4nicas t\u00eam sido intensificados ao longo das \u00faltimas semanas.<\/p>\n\n\n\n<p>A vota\u00e7\u00e3o terminou com 218 votos contr\u00e1rios, 229 a favor e uma absten\u00e7\u00e3o. Para receber aprova\u00e7\u00e3o, a PEC deve registrar no m\u00ednimo 308 votos favor\u00e1veis. Assim, a proposta seguiu para o arquivamento e nada ser\u00e1 alterado para as elei\u00e7\u00f5es de 2022.<\/p>\n\n\n\n<p>Em discurso logo ap\u00f3s o encerramento da sess\u00e3o, o presidente da C\u00e2mara, Arthur Lira (PP), disse que este resultado j\u00e1 era o aguardado. &#8220;Espero que esse assunto esteja definitivamente enterrado&#8221;. Mesmo a pauta tendo sido derrotada logo nas comiss\u00f5es do Legislativo, por insist\u00eancia do presidente, Lira levou a PEC para aprecia\u00e7\u00e3o em plen\u00e1rio. O presidente da Casa falou ainda que espera que a &#8220;temperatura baixe&#8221; e que Bolsonaro reaja bem \u00e0 decis\u00e3o final dos parlamentares.<\/p>\n\n\n\n<p>Ao longo da noite de votos, j\u00e1 era aguardada a derrota. Tanto que os deputados governistas chegaram a se mobilizar para tentar adiar a pauta para outro dia de vota\u00e7\u00e3o, como estrat\u00e9gia de garantir mais tempo h\u00e1bil para conquistar mais apoios. Contudo, a articula\u00e7\u00e3o em defesa da manuten\u00e7\u00e3o do voto eletr\u00f4nico foi maior e barrou de vez a demanda.<\/p>\n\n\n\n<figure class=\"wp-block-image size-large\"><img loading=\"lazy\" decoding=\"async\" width=\"750\" height=\"409\" src=\"https:\/\/blogdorogeriogomes.com.br\/wp-content\/uploads\/2021\/08\/images-2021-08-10T221130.705.jpeg\" alt=\"\" class=\"wp-image-22316\" srcset=\"https:\/\/blogdorogeriogomes.com.br\/noticias\/wp-content\/uploads\/2021\/08\/images-2021-08-10T221130.705.jpeg 750w, https:\/\/blogdorogeriogomes.com.br\/noticias\/wp-content\/uploads\/2021\/08\/images-2021-08-10T221130.705-300x164.jpeg 300w\" sizes=\"auto, (max-width: 750px) 100vw, 750px\" \/><\/figure>\n","protected":false},"excerpt":{"rendered":"<p>N\u00e3o adiantou a press\u00e3o do desfile militar promovido por Bolsonaro na Esplanada dos Minist\u00e9rios, em Bras\u00edlia. Os governistas n\u00e3o tiveram voto suficiente para aprovar a PEC do voto impresso, que foi rejeitada no Plen\u00e1rio da C\u00e2mara dos Deputados, na noite desta ter\u00e7a-feira, dia 10 de agosto. A queda da pauta representa uma grande derrota para o presidente Jair Bolsonaro (sem partido) e seus aliados, visto que os ataques bolsonaristas ao sistema eleitoral com urnas eletr\u00f4nicas t\u00eam sido intensificados ao&hellip;<\/p>\n","protected":false},"author":1,"featured_media":22316,"comment_status":"open","ping_status":"open","sticky":false,"template":"","format":"standard","meta":{"footnotes":""},"categories":[1],"tags":[],"class_list":["post-22315","post","type-post","status-publish","format-standard","has-post-thumbnail","hentry","category-noticias"],"_links":{"self":[{"href":"https:\/\/blogdorogeriogomes.com.br\/noticias\/wp-json\/wp\/v2\/posts\/22315","targetHints":{"allow":["GET"]}}],"collection":[{"href":"https:\/\/blogdorogeriogomes.com.br\/noticias\/wp-json\/wp\/v2\/posts"}],"about":[{"href":"https:\/\/blogdorogeriogomes.com.br\/noticias\/wp-json\/wp\/v2\/types\/post"}],"author":[{"embeddable":true,"href":"https:\/\/blogdorogeriogomes.com.br\/noticias\/wp-json\/wp\/v2\/users\/1"}],"replies":[{"embeddable":true,"href":"https:\/\/blogdorogeriogomes.com.br\/noticias\/wp-json\/wp\/v2\/comments?post=22315"}],"version-history":[{"count":1,"href":"https:\/\/blogdorogeriogomes.com.br\/noticias\/wp-json\/wp\/v2\/posts\/22315\/revisions"}],"predecessor-version":[{"id":22317,"href":"https:\/\/blogdorogeriogomes.com.br\/noticias\/wp-json\/wp\/v2\/posts\/22315\/revisions\/22317"}],"wp:featuredmedia":[{"embeddable":true,"href":"https:\/\/blogdorogeriogomes.com.br\/noticias\/wp-json\/wp\/v2\/media\/22316"}],"wp:attachment":[{"href":"https:\/\/blogdorogeriogomes.com.br\/noticias\/wp-json\/wp\/v2\/media?parent=22315"}],"wp:term":[{"taxonomy":"category","embeddable":true,"href":"https:\/\/blogdorogeriogomes.com.br\/noticias\/wp-json\/wp\/v2\/categories?post=22315"},{"taxonomy":"post_tag","embeddable":true,"href":"https:\/\/blogdorogeriogomes.com.br\/noticias\/wp-json\/wp\/v2\/tags?post=22315"}],"curies":[{"name":"wp","href":"https:\/\/api.w.org\/{rel}","templated":true}]}}