{"id":22318,"date":"2021-08-11T09:54:08","date_gmt":"2021-08-11T09:54:08","guid":{"rendered":"https:\/\/blogdorogeriogomes.com.br\/?p=22318"},"modified":"2021-08-11T11:51:07","modified_gmt":"2021-08-11T11:51:07","slug":"bancada-cearense-na-camara-vota-em-maioria-a-favor-da-continuidade-das-urnas-eletronicas","status":"publish","type":"post","link":"https:\/\/blogdorogeriogomes.com.br\/noticias\/2021\/08\/bancada-cearense-na-camara-vota-em-maioria-a-favor-da-continuidade-das-urnas-eletronicas\/","title":{"rendered":"Bancada cearense na C\u00e2mara vota em maioria a favor da continuidade das urnas eletr\u00f4nicas"},"content":{"rendered":"\n<p>A bancada cearense na C\u00e2mara dos Deputados votou em sua maioria contra o retorno do voto impresso, proposto pelo presidente Jair Bolsonaro. Catorze deputados federais foram contra a PEC, quatro votaram com o Governo Federal e outros quatro n\u00e3o compareceram \u00e0 sess\u00e3o. Os quatro parlamentares que apoiaram o fim das urnas eletr\u00f4nicas s\u00e3o os que sempre est\u00e3o votando \u00e0 favor de Bolsonaro nas pautas da C\u00e2mara Federal.<\/p>\n\n\n\n<p><strong>&#8211; Votaram N\u00c3O <\/strong><\/p>\n\n\n\n<p>Andr\u00e9 Figueiredo (PDT)<br>C\u00e9lio Studart (PV)<br>Domingos Neto (PSD)<br>Eduardo Bismarck (PDT)<br>Genecias Noronha (SD)<br>Idilvan Alencar (PDT)<br>Jos\u00e9 Airton Cirilo (PT)<br>Jos\u00e9 Guimar\u00e3es (PT)<br>J\u00fanior Mano (PL)<br>Le\u00f4nidas Cristino (PDT)<br>Luizianne Lins(PT)<br>Odorico Monteiro (PSB)<br>Pedro Augusto Bezerra (PTB)<br>Totonho Lopes (PDT)<\/p>\n\n\n\n<p><strong>&#8211; Votaram SIM <\/strong><\/p>\n\n\n\n<p>Capit\u00e3o Wagner (Pros)<br>Dr. Jaziel (PL)<br>Heitor Freire (PSL)<br>Moses Rodrigues(MDB)<\/p>\n\n\n\n<p><strong>&#8211; Ausentes<\/strong><\/p>\n\n\n\n<p>AJ Albuquerque (PP)<br>An\u00edbal Gomes (DEM)<br>Danilo Forte (PSDB)<br>Vaidon Oliveira (Pros)<\/p>\n\n\n\n<figure class=\"wp-block-image size-large\"><img loading=\"lazy\" decoding=\"async\" width=\"640\" height=\"360\" src=\"https:\/\/blogdorogeriogomes.com.br\/wp-content\/uploads\/2021\/08\/images-2021-08-11T065321.203.jpeg\" alt=\"\" class=\"wp-image-22319\" srcset=\"https:\/\/blogdorogeriogomes.com.br\/noticias\/wp-content\/uploads\/2021\/08\/images-2021-08-11T065321.203.jpeg 640w, https:\/\/blogdorogeriogomes.com.br\/noticias\/wp-content\/uploads\/2021\/08\/images-2021-08-11T065321.203-300x169.jpeg 300w\" sizes=\"auto, (max-width: 640px) 100vw, 640px\" \/><\/figure>\n","protected":false},"excerpt":{"rendered":"<p>A bancada cearense na C\u00e2mara dos Deputados votou em sua maioria contra o retorno do voto impresso, proposto pelo presidente Jair Bolsonaro. Catorze deputados federais foram contra a PEC, quatro votaram com o Governo Federal e outros quatro n\u00e3o compareceram \u00e0 sess\u00e3o. Os quatro parlamentares que apoiaram o fim das urnas eletr\u00f4nicas s\u00e3o os que sempre est\u00e3o votando \u00e0 favor de Bolsonaro nas pautas da C\u00e2mara Federal. &#8211; Votaram N\u00c3O Andr\u00e9 Figueiredo (PDT)C\u00e9lio Studart (PV)Domingos Neto (PSD)Eduardo Bismarck (PDT)Genecias&hellip;<\/p>\n","protected":false},"author":1,"featured_media":22319,"comment_status":"open","ping_status":"open","sticky":false,"template":"","format":"standard","meta":{"footnotes":""},"categories":[1],"tags":[],"class_list":["post-22318","post","type-post","status-publish","format-standard","has-post-thumbnail","hentry","category-noticias"],"_links":{"self":[{"href":"https:\/\/blogdorogeriogomes.com.br\/noticias\/wp-json\/wp\/v2\/posts\/22318","targetHints":{"allow":["GET"]}}],"collection":[{"href":"https:\/\/blogdorogeriogomes.com.br\/noticias\/wp-json\/wp\/v2\/posts"}],"about":[{"href":"https:\/\/blogdorogeriogomes.com.br\/noticias\/wp-json\/wp\/v2\/types\/post"}],"author":[{"embeddable":true,"href":"https:\/\/blogdorogeriogomes.com.br\/noticias\/wp-json\/wp\/v2\/users\/1"}],"replies":[{"embeddable":true,"href":"https:\/\/blogdorogeriogomes.com.br\/noticias\/wp-json\/wp\/v2\/comments?post=22318"}],"version-history":[{"count":1,"href":"https:\/\/blogdorogeriogomes.com.br\/noticias\/wp-json\/wp\/v2\/posts\/22318\/revisions"}],"predecessor-version":[{"id":22320,"href":"https:\/\/blogdorogeriogomes.com.br\/noticias\/wp-json\/wp\/v2\/posts\/22318\/revisions\/22320"}],"wp:featuredmedia":[{"embeddable":true,"href":"https:\/\/blogdorogeriogomes.com.br\/noticias\/wp-json\/wp\/v2\/media\/22319"}],"wp:attachment":[{"href":"https:\/\/blogdorogeriogomes.com.br\/noticias\/wp-json\/wp\/v2\/media?parent=22318"}],"wp:term":[{"taxonomy":"category","embeddable":true,"href":"https:\/\/blogdorogeriogomes.com.br\/noticias\/wp-json\/wp\/v2\/categories?post=22318"},{"taxonomy":"post_tag","embeddable":true,"href":"https:\/\/blogdorogeriogomes.com.br\/noticias\/wp-json\/wp\/v2\/tags?post=22318"}],"curies":[{"name":"wp","href":"https:\/\/api.w.org\/{rel}","templated":true}]}}