{"id":22324,"date":"2021-08-11T19:08:51","date_gmt":"2021-08-11T19:08:51","guid":{"rendered":"https:\/\/blogdorogeriogomes.com.br\/?p=22324"},"modified":"2021-08-12T11:02:09","modified_gmt":"2021-08-12T11:02:09","slug":"justica-torna-obrigatoria-apresentacao-de-teste-ou-de-imunizacao-completa-para-desembarque-no-ceara","status":"publish","type":"post","link":"https:\/\/blogdorogeriogomes.com.br\/noticias\/2021\/08\/justica-torna-obrigatoria-apresentacao-de-teste-ou-de-imunizacao-completa-para-desembarque-no-ceara\/","title":{"rendered":"Justi\u00e7a torna obrigat\u00f3ria apresenta\u00e7\u00e3o de teste ou de imuniza\u00e7\u00e3o completa para desembarque no Cear\u00e1"},"content":{"rendered":"\n<p>Para desembarcar no Cear\u00e1 ser\u00e1 obrigat\u00f3rio comprovar imuniza\u00e7\u00e3o completa contra Covid-19 ou resultado negativo de exame RT-PCR feito em at\u00e9 72 horas antes do embarque. A decis\u00e3o para estabelecer o protocolo foi consolidado pela Justi\u00e7a Federal nesta quarta-feira, dia 11 de agosto, ap\u00f3s a\u00e7\u00e3o judicial movida pelo Governo do Cear\u00e1 contra a Ag\u00eancia Nacional de Avia\u00e7\u00e3o Civil (Anac).<\/p>\n\n\n\n<p>De acordo com o governador Camilo Santana (PT), desta forma ser\u00e1 poss\u00edvel conter os casos da variante Delta do coronav\u00edrus. At\u00e9 a \u00faltima sexta-feira, 15 pacientes foram detectados com a variante em munic\u00edpios cearenses, todos vindos de voos de fora do Estado.<\/p>\n\n\n\n<p>A decis\u00e3o judicial \u00e9 v\u00e1lida para voos comerciais e particulares. A determina\u00e7\u00e3o \u00e9 que a a\u00e7\u00e3o seja acatada pela Anac com m\u00e1xima urg\u00eancia. Segundo o juiz federal respons\u00e1vel, Lu\u00eds Praxedes Vieira da Silva, a obrigatoriedade &#8220;n\u00e3o se trata de restri\u00e7\u00e3o de livre locomo\u00e7\u00e3o pelo pa\u00eds, nem restri\u00e7\u00e3o ao direito de liberdade, mas de prote\u00e7\u00e3o \u00e0 vida, que \u00e9 um direito de alta relev\u00e2ncia&#8221;.<\/p>\n\n\n\n<p>Os passageiros vacinados s\u00f3 ter\u00e3o imuniza\u00e7\u00e3o validada ap\u00f3s apresentar comprovante das duas doses recebidas contra a Covid-19, ou da \u00fanica no caso da vacina da Janssen.<\/p>\n\n\n\n<figure class=\"wp-block-image size-large\"><img loading=\"lazy\" decoding=\"async\" width=\"739\" height=\"415\" src=\"https:\/\/blogdorogeriogomes.com.br\/wp-content\/uploads\/2021\/08\/images-2021-08-11T160656.349.jpeg\" alt=\"\" class=\"wp-image-22325\" srcset=\"https:\/\/blogdorogeriogomes.com.br\/noticias\/wp-content\/uploads\/2021\/08\/images-2021-08-11T160656.349.jpeg 739w, https:\/\/blogdorogeriogomes.com.br\/noticias\/wp-content\/uploads\/2021\/08\/images-2021-08-11T160656.349-300x168.jpeg 300w\" sizes=\"auto, (max-width: 739px) 100vw, 739px\" \/><\/figure>\n","protected":false},"excerpt":{"rendered":"<p>Para desembarcar no Cear\u00e1 ser\u00e1 obrigat\u00f3rio comprovar imuniza\u00e7\u00e3o completa contra Covid-19 ou resultado negativo de exame RT-PCR feito em at\u00e9 72 horas antes do embarque. A decis\u00e3o para estabelecer o protocolo foi consolidado pela Justi\u00e7a Federal nesta quarta-feira, dia 11 de agosto, ap\u00f3s a\u00e7\u00e3o judicial movida pelo Governo do Cear\u00e1 contra a Ag\u00eancia Nacional de Avia\u00e7\u00e3o Civil (Anac). De acordo com o governador Camilo Santana (PT), desta forma ser\u00e1 poss\u00edvel conter os casos da variante Delta do coronav\u00edrus. At\u00e9&hellip;<\/p>\n","protected":false},"author":1,"featured_media":22325,"comment_status":"open","ping_status":"open","sticky":false,"template":"","format":"standard","meta":{"footnotes":""},"categories":[1],"tags":[],"class_list":["post-22324","post","type-post","status-publish","format-standard","has-post-thumbnail","hentry","category-noticias"],"_links":{"self":[{"href":"https:\/\/blogdorogeriogomes.com.br\/noticias\/wp-json\/wp\/v2\/posts\/22324","targetHints":{"allow":["GET"]}}],"collection":[{"href":"https:\/\/blogdorogeriogomes.com.br\/noticias\/wp-json\/wp\/v2\/posts"}],"about":[{"href":"https:\/\/blogdorogeriogomes.com.br\/noticias\/wp-json\/wp\/v2\/types\/post"}],"author":[{"embeddable":true,"href":"https:\/\/blogdorogeriogomes.com.br\/noticias\/wp-json\/wp\/v2\/users\/1"}],"replies":[{"embeddable":true,"href":"https:\/\/blogdorogeriogomes.com.br\/noticias\/wp-json\/wp\/v2\/comments?post=22324"}],"version-history":[{"count":1,"href":"https:\/\/blogdorogeriogomes.com.br\/noticias\/wp-json\/wp\/v2\/posts\/22324\/revisions"}],"predecessor-version":[{"id":22326,"href":"https:\/\/blogdorogeriogomes.com.br\/noticias\/wp-json\/wp\/v2\/posts\/22324\/revisions\/22326"}],"wp:featuredmedia":[{"embeddable":true,"href":"https:\/\/blogdorogeriogomes.com.br\/noticias\/wp-json\/wp\/v2\/media\/22325"}],"wp:attachment":[{"href":"https:\/\/blogdorogeriogomes.com.br\/noticias\/wp-json\/wp\/v2\/media?parent=22324"}],"wp:term":[{"taxonomy":"category","embeddable":true,"href":"https:\/\/blogdorogeriogomes.com.br\/noticias\/wp-json\/wp\/v2\/categories?post=22324"},{"taxonomy":"post_tag","embeddable":true,"href":"https:\/\/blogdorogeriogomes.com.br\/noticias\/wp-json\/wp\/v2\/tags?post=22324"}],"curies":[{"name":"wp","href":"https:\/\/api.w.org\/{rel}","templated":true}]}}