{"id":22327,"date":"2021-08-11T19:18:55","date_gmt":"2021-08-11T19:18:55","guid":{"rendered":"https:\/\/blogdorogeriogomes.com.br\/?p=22327"},"modified":"2021-08-12T11:02:00","modified_gmt":"2021-08-12T11:02:00","slug":"assembleia-legislativa-do-ceara-passa-a-ter-duas-sessoes-plenarias-por-semana","status":"publish","type":"post","link":"https:\/\/blogdorogeriogomes.com.br\/noticias\/2021\/08\/assembleia-legislativa-do-ceara-passa-a-ter-duas-sessoes-plenarias-por-semana\/","title":{"rendered":"Assembleia Legislativa do Cear\u00e1 passa a ter duas sess\u00f5es plen\u00e1rias por semana"},"content":{"rendered":"\n<p>A Mesa Diretora determinou em reuni\u00e3o nesta quarta-feira, dia 11 de agosto, que, a partir da semana que vem, as sess\u00f5es plen\u00e1rias da Assembleia Legislativa ser\u00e3o realizadas duas vezes por semana, \u00e0s quartas e quintas-feiras, de forma h\u00edbrida. As Comiss\u00f5es T\u00e9cnicas tamb\u00e9m ser\u00e3o realizadas de forma h\u00edbrida \u00e0s ter\u00e7as-feiras, no Plen\u00e1rio 13 de Maio. Al\u00e9m do presidente Evandro Leit\u00e3o, estiveram presentes os deputados Ant\u00f4nio Granja, Audic Mota e Fernanda Pessoa. \u00c9rika Amorim e o Ap\u00f3stolo Luiz Henrique participaram online.<\/p>\n\n\n\n<p>Evandro Leit\u00e3o explica que a Casa est\u00e1 se adequando \u00e0 reabertura gradual que vem sendo feita no Estado, de acordo com as orienta\u00e7\u00f5es das autoridades sanit\u00e1rias. Segundo ele, as medidas preventivas como o uso de m\u00e1scara e a disponibiliza\u00e7\u00e3o de \u00e1lcool em gel seguem como regras.<\/p>\n\n\n\n<p>\u201cAl\u00e9m das sess\u00f5es plen\u00e1rias e das comiss\u00f5es t\u00e9cnicas, vamos retomar as sess\u00f5es solenes e audi\u00eancias p\u00fablicas com n\u00famero reduzido de pessoas, conforme as determina\u00e7\u00f5es do decreto do governador Camilo Santana. <\/p>\n\n\n\n<figure class=\"wp-block-image size-large\"><img loading=\"lazy\" decoding=\"async\" width=\"1024\" height=\"682\" src=\"https:\/\/blogdorogeriogomes.com.br\/wp-content\/uploads\/2021\/08\/IMG-20210811-WA0059-1024x682.jpg\" alt=\"\" class=\"wp-image-22328\" srcset=\"https:\/\/blogdorogeriogomes.com.br\/noticias\/wp-content\/uploads\/2021\/08\/IMG-20210811-WA0059-1024x682.jpg 1024w, https:\/\/blogdorogeriogomes.com.br\/noticias\/wp-content\/uploads\/2021\/08\/IMG-20210811-WA0059-300x200.jpg 300w, https:\/\/blogdorogeriogomes.com.br\/noticias\/wp-content\/uploads\/2021\/08\/IMG-20210811-WA0059-768x512.jpg 768w, https:\/\/blogdorogeriogomes.com.br\/noticias\/wp-content\/uploads\/2021\/08\/IMG-20210811-WA0059-800x533.jpg 800w, https:\/\/blogdorogeriogomes.com.br\/noticias\/wp-content\/uploads\/2021\/08\/IMG-20210811-WA0059.jpg 1280w\" sizes=\"auto, (max-width: 1024px) 100vw, 1024px\" \/><\/figure>\n","protected":false},"excerpt":{"rendered":"<p>A Mesa Diretora determinou em reuni\u00e3o nesta quarta-feira, dia 11 de agosto, que, a partir da semana que vem, as sess\u00f5es plen\u00e1rias da Assembleia Legislativa ser\u00e3o realizadas duas vezes por semana, \u00e0s quartas e quintas-feiras, de forma h\u00edbrida. As Comiss\u00f5es T\u00e9cnicas tamb\u00e9m ser\u00e3o realizadas de forma h\u00edbrida \u00e0s ter\u00e7as-feiras, no Plen\u00e1rio 13 de Maio. Al\u00e9m do presidente Evandro Leit\u00e3o, estiveram presentes os deputados Ant\u00f4nio Granja, Audic Mota e Fernanda Pessoa. \u00c9rika Amorim e o Ap\u00f3stolo Luiz Henrique participaram online.&hellip;<\/p>\n","protected":false},"author":1,"featured_media":22328,"comment_status":"open","ping_status":"open","sticky":false,"template":"","format":"standard","meta":{"footnotes":""},"categories":[1],"tags":[],"class_list":["post-22327","post","type-post","status-publish","format-standard","has-post-thumbnail","hentry","category-noticias"],"_links":{"self":[{"href":"https:\/\/blogdorogeriogomes.com.br\/noticias\/wp-json\/wp\/v2\/posts\/22327","targetHints":{"allow":["GET"]}}],"collection":[{"href":"https:\/\/blogdorogeriogomes.com.br\/noticias\/wp-json\/wp\/v2\/posts"}],"about":[{"href":"https:\/\/blogdorogeriogomes.com.br\/noticias\/wp-json\/wp\/v2\/types\/post"}],"author":[{"embeddable":true,"href":"https:\/\/blogdorogeriogomes.com.br\/noticias\/wp-json\/wp\/v2\/users\/1"}],"replies":[{"embeddable":true,"href":"https:\/\/blogdorogeriogomes.com.br\/noticias\/wp-json\/wp\/v2\/comments?post=22327"}],"version-history":[{"count":1,"href":"https:\/\/blogdorogeriogomes.com.br\/noticias\/wp-json\/wp\/v2\/posts\/22327\/revisions"}],"predecessor-version":[{"id":22329,"href":"https:\/\/blogdorogeriogomes.com.br\/noticias\/wp-json\/wp\/v2\/posts\/22327\/revisions\/22329"}],"wp:featuredmedia":[{"embeddable":true,"href":"https:\/\/blogdorogeriogomes.com.br\/noticias\/wp-json\/wp\/v2\/media\/22328"}],"wp:attachment":[{"href":"https:\/\/blogdorogeriogomes.com.br\/noticias\/wp-json\/wp\/v2\/media?parent=22327"}],"wp:term":[{"taxonomy":"category","embeddable":true,"href":"https:\/\/blogdorogeriogomes.com.br\/noticias\/wp-json\/wp\/v2\/categories?post=22327"},{"taxonomy":"post_tag","embeddable":true,"href":"https:\/\/blogdorogeriogomes.com.br\/noticias\/wp-json\/wp\/v2\/tags?post=22327"}],"curies":[{"name":"wp","href":"https:\/\/api.w.org\/{rel}","templated":true}]}}