{"id":22330,"date":"2021-08-11T23:21:24","date_gmt":"2021-08-11T23:21:24","guid":{"rendered":"https:\/\/blogdorogeriogomes.com.br\/?p=22330"},"modified":"2021-08-12T11:01:53","modified_gmt":"2021-08-12T11:01:53","slug":"grupos-se-articulam-para-fortalecer-pre-candidaturas-a-sucessao-de-camilo-santana","status":"publish","type":"post","link":"https:\/\/blogdorogeriogomes.com.br\/noticias\/2021\/08\/grupos-se-articulam-para-fortalecer-pre-candidaturas-a-sucessao-de-camilo-santana\/","title":{"rendered":"Grupos se articulam para fortalecer pr\u00e9-candidaturas \u00e0 sucess\u00e3o de Camilo Santana"},"content":{"rendered":"\n<p>O governador Camilo Santana (PT) j\u00e1 se prepara para sua reta final \u00e0 frente do Governo do Cear\u00e1. Em 2022, o petista dever\u00e1 ser lan\u00e7ado candidato ao Senado Federal, ap\u00f3s oito anos de gest\u00e3o que conta com boa aprova\u00e7\u00e3o popular, com direito a uma reelei\u00e7\u00e3o em primeiro turno com recorde de votos favor\u00e1veis. Diante deste cen\u00e1rio de mudan\u00e7a anunciada, grupos aliados de Camilo se articulam para fortalecer os nomes capazes de assumir a linha sucess\u00f3ria. As negocia\u00e7\u00f5es passam pelo crivo dos irm\u00e3os Ciro e Cid Gomes, do PDT.<\/p>\n\n\n\n<p>Ex-prefeito de Fortaleza, Roberto Cl\u00e1udio (PDT) aparece nos bastidores como um candidato ao cargo mais consolidado. Oito anos \u00e0 frente da Capital, capacidade de di\u00e1logo e aprova\u00e7\u00e3o do eleitorado s\u00e3o fatores que o credenciam. Ap\u00f3s temporada em S\u00e3o Paulo para estudos, o pedetista inclusive retorna ao Cear\u00e1 e tem clara a agenda como pr\u00e9-candidato.<\/p>\n\n\n\n<p>Um dos quadros principais do secretariado de Camilo Santana ao longo dos \u00faltimos anos, o titular da Secretaria do Planejamento e Gest\u00e3o, Mauro Filho (PDT), tem o nome defendido por parte dos governistas. Mauro tamb\u00e9m foi secret\u00e1rio da Fazenda no primeiro mandato de Camilo, respons\u00e1vel por decis\u00f5es voltadas \u00e0 gest\u00e3o fiscal.<\/p>\n\n\n\n<p>A presid\u00eancia da Assembleia Legislativa \u00e9 outro caminho comum de nomes sondados para assumir o Pal\u00e1cio da Aboli\u00e7\u00e3o. Neste sentido, o deputado estadual Evandro Leit\u00e3o (PDT) tem a aceita\u00e7\u00e3o e bom tr\u00e2nsito que &#8211; colocam na lista de poss\u00edveis sucessores de Camilo na disputa eleitoral do pr\u00f3ximo ano.<\/p>\n\n\n\n<p>Por fora, o ex-vice-governador do Estado, Domingos Filho, tem se colocado como um poss\u00edvel nome dentro das possibilidades a serem discutidas pelo grupo pol\u00edtico.<\/p>\n\n\n\n<p>Na oposi\u00e7\u00e3o, o deputado federal Capit\u00e3o Wagner (PSL) se apresenta como o principal nome para concorrer ao Governo Estadual. E caminha para ser o nome do presidente Jair Bolsonaro no Cear\u00e1.<\/p>\n\n\n\n<figure class=\"wp-block-image size-large\"><img loading=\"lazy\" decoding=\"async\" width=\"595\" height=\"334\" src=\"https:\/\/blogdorogeriogomes.com.br\/wp-content\/uploads\/2021\/08\/images-2021-08-11T201401.823.jpeg\" alt=\"\" class=\"wp-image-22331\" srcset=\"https:\/\/blogdorogeriogomes.com.br\/noticias\/wp-content\/uploads\/2021\/08\/images-2021-08-11T201401.823.jpeg 595w, https:\/\/blogdorogeriogomes.com.br\/noticias\/wp-content\/uploads\/2021\/08\/images-2021-08-11T201401.823-300x168.jpeg 300w\" sizes=\"auto, (max-width: 595px) 100vw, 595px\" \/><\/figure>\n","protected":false},"excerpt":{"rendered":"<p>O governador Camilo Santana (PT) j\u00e1 se prepara para sua reta final \u00e0 frente do Governo do Cear\u00e1. Em 2022, o petista dever\u00e1 ser lan\u00e7ado candidato ao Senado Federal, ap\u00f3s oito anos de gest\u00e3o que conta com boa aprova\u00e7\u00e3o popular, com direito a uma reelei\u00e7\u00e3o em primeiro turno com recorde de votos favor\u00e1veis. Diante deste cen\u00e1rio de mudan\u00e7a anunciada, grupos aliados de Camilo se articulam para fortalecer os nomes capazes de assumir a linha sucess\u00f3ria. As negocia\u00e7\u00f5es passam pelo&hellip;<\/p>\n","protected":false},"author":1,"featured_media":22331,"comment_status":"open","ping_status":"open","sticky":false,"template":"","format":"standard","meta":{"footnotes":""},"categories":[1],"tags":[],"class_list":["post-22330","post","type-post","status-publish","format-standard","has-post-thumbnail","hentry","category-noticias"],"_links":{"self":[{"href":"https:\/\/blogdorogeriogomes.com.br\/noticias\/wp-json\/wp\/v2\/posts\/22330","targetHints":{"allow":["GET"]}}],"collection":[{"href":"https:\/\/blogdorogeriogomes.com.br\/noticias\/wp-json\/wp\/v2\/posts"}],"about":[{"href":"https:\/\/blogdorogeriogomes.com.br\/noticias\/wp-json\/wp\/v2\/types\/post"}],"author":[{"embeddable":true,"href":"https:\/\/blogdorogeriogomes.com.br\/noticias\/wp-json\/wp\/v2\/users\/1"}],"replies":[{"embeddable":true,"href":"https:\/\/blogdorogeriogomes.com.br\/noticias\/wp-json\/wp\/v2\/comments?post=22330"}],"version-history":[{"count":1,"href":"https:\/\/blogdorogeriogomes.com.br\/noticias\/wp-json\/wp\/v2\/posts\/22330\/revisions"}],"predecessor-version":[{"id":22332,"href":"https:\/\/blogdorogeriogomes.com.br\/noticias\/wp-json\/wp\/v2\/posts\/22330\/revisions\/22332"}],"wp:featuredmedia":[{"embeddable":true,"href":"https:\/\/blogdorogeriogomes.com.br\/noticias\/wp-json\/wp\/v2\/media\/22331"}],"wp:attachment":[{"href":"https:\/\/blogdorogeriogomes.com.br\/noticias\/wp-json\/wp\/v2\/media?parent=22330"}],"wp:term":[{"taxonomy":"category","embeddable":true,"href":"https:\/\/blogdorogeriogomes.com.br\/noticias\/wp-json\/wp\/v2\/categories?post=22330"},{"taxonomy":"post_tag","embeddable":true,"href":"https:\/\/blogdorogeriogomes.com.br\/noticias\/wp-json\/wp\/v2\/tags?post=22330"}],"curies":[{"name":"wp","href":"https:\/\/api.w.org\/{rel}","templated":true}]}}