{"id":22336,"date":"2021-08-12T10:09:24","date_gmt":"2021-08-12T10:09:24","guid":{"rendered":"https:\/\/blogdorogeriogomes.com.br\/?p=22336"},"modified":"2021-08-12T11:01:37","modified_gmt":"2021-08-12T11:01:37","slug":"preco-da-gasolina-sofre-hoje-o-nono-aumento-deste-ano-no-pais","status":"publish","type":"post","link":"https:\/\/blogdorogeriogomes.com.br\/noticias\/2021\/08\/preco-da-gasolina-sofre-hoje-o-nono-aumento-deste-ano-no-pais\/","title":{"rendered":"Pre\u00e7o da gasolina sofre hoje o nono aumento deste ano no Pa\u00eds"},"content":{"rendered":"\n<p>Se n\u00e3o bastasse o descontrole nos pre\u00e7os dos alimentos, o brasileiro sofre mais um baque no or\u00e7amento mensal. A Petrobras subir\u00e1 o pre\u00e7o da gasolina em&nbsp;3,3% a partir desta quinta-feira, dia 12 de agosto. \u00c9 o segundo aumento consecutivo, ap\u00f3s corte realizado em junho, e a nona eleva\u00e7\u00e3o de 2021. O pre\u00e7o do diesel n\u00e3o ter\u00e1 eleva\u00e7\u00e3o. At\u00e9 chegar aos postos, o valor ainda \u00e9 acrescido de impostos e margens de distribuidores e postos.<\/p>\n\n\n\n<p>A infla\u00e7\u00e3o dos combust\u00edveis, que atingiram valores recordes em 2021, tem impactado a popularidade do presidente Jair Bolsonaro, que j\u00e1 tentou cortar impostos federais sobre os combust\u00edveis, mas sem resultados no pre\u00e7o final dos produtos. Bolsonaro tem o h\u00e1bito de transferir a responsabilidade sobre os pre\u00e7os da gasolina, diesel, etanol e g\u00e1s de cozinha para os governadores.<\/p>\n\n\n\n<figure class=\"wp-block-image size-large\"><img loading=\"lazy\" decoding=\"async\" width=\"716\" height=\"428\" src=\"https:\/\/blogdorogeriogomes.com.br\/wp-content\/uploads\/2021\/08\/images-2021-08-12T065928.564.jpeg\" alt=\"\" class=\"wp-image-22337\" srcset=\"https:\/\/blogdorogeriogomes.com.br\/noticias\/wp-content\/uploads\/2021\/08\/images-2021-08-12T065928.564.jpeg 716w, https:\/\/blogdorogeriogomes.com.br\/noticias\/wp-content\/uploads\/2021\/08\/images-2021-08-12T065928.564-300x179.jpeg 300w\" sizes=\"auto, (max-width: 716px) 100vw, 716px\" \/><\/figure>\n","protected":false},"excerpt":{"rendered":"<p>Se n\u00e3o bastasse o descontrole nos pre\u00e7os dos alimentos, o brasileiro sofre mais um baque no or\u00e7amento mensal. A Petrobras subir\u00e1 o pre\u00e7o da gasolina em&nbsp;3,3% a partir desta quinta-feira, dia 12 de agosto. \u00c9 o segundo aumento consecutivo, ap\u00f3s corte realizado em junho, e a nona eleva\u00e7\u00e3o de 2021. O pre\u00e7o do diesel n\u00e3o ter\u00e1 eleva\u00e7\u00e3o. At\u00e9 chegar aos postos, o valor ainda \u00e9 acrescido de impostos e margens de distribuidores e postos. A infla\u00e7\u00e3o dos combust\u00edveis, que&hellip;<\/p>\n","protected":false},"author":1,"featured_media":22337,"comment_status":"open","ping_status":"open","sticky":false,"template":"","format":"standard","meta":{"footnotes":""},"categories":[1],"tags":[],"class_list":["post-22336","post","type-post","status-publish","format-standard","has-post-thumbnail","hentry","category-noticias"],"_links":{"self":[{"href":"https:\/\/blogdorogeriogomes.com.br\/noticias\/wp-json\/wp\/v2\/posts\/22336","targetHints":{"allow":["GET"]}}],"collection":[{"href":"https:\/\/blogdorogeriogomes.com.br\/noticias\/wp-json\/wp\/v2\/posts"}],"about":[{"href":"https:\/\/blogdorogeriogomes.com.br\/noticias\/wp-json\/wp\/v2\/types\/post"}],"author":[{"embeddable":true,"href":"https:\/\/blogdorogeriogomes.com.br\/noticias\/wp-json\/wp\/v2\/users\/1"}],"replies":[{"embeddable":true,"href":"https:\/\/blogdorogeriogomes.com.br\/noticias\/wp-json\/wp\/v2\/comments?post=22336"}],"version-history":[{"count":2,"href":"https:\/\/blogdorogeriogomes.com.br\/noticias\/wp-json\/wp\/v2\/posts\/22336\/revisions"}],"predecessor-version":[{"id":22339,"href":"https:\/\/blogdorogeriogomes.com.br\/noticias\/wp-json\/wp\/v2\/posts\/22336\/revisions\/22339"}],"wp:featuredmedia":[{"embeddable":true,"href":"https:\/\/blogdorogeriogomes.com.br\/noticias\/wp-json\/wp\/v2\/media\/22337"}],"wp:attachment":[{"href":"https:\/\/blogdorogeriogomes.com.br\/noticias\/wp-json\/wp\/v2\/media?parent=22336"}],"wp:term":[{"taxonomy":"category","embeddable":true,"href":"https:\/\/blogdorogeriogomes.com.br\/noticias\/wp-json\/wp\/v2\/categories?post=22336"},{"taxonomy":"post_tag","embeddable":true,"href":"https:\/\/blogdorogeriogomes.com.br\/noticias\/wp-json\/wp\/v2\/tags?post=22336"}],"curies":[{"name":"wp","href":"https:\/\/api.w.org\/{rel}","templated":true}]}}