{"id":22340,"date":"2021-08-12T20:39:29","date_gmt":"2021-08-12T20:39:29","guid":{"rendered":"https:\/\/blogdorogeriogomes.com.br\/?p=22340"},"modified":"2021-08-13T09:36:39","modified_gmt":"2021-08-13T09:36:39","slug":"cpi-da-covid-ricardo-barros-irrita-senadores-e-tem-depoimento-encerrado-ele-sera-reconvocado-como-investigado","status":"publish","type":"post","link":"https:\/\/blogdorogeriogomes.com.br\/noticias\/2021\/08\/cpi-da-covid-ricardo-barros-irrita-senadores-e-tem-depoimento-encerrado-ele-sera-reconvocado-como-investigado\/","title":{"rendered":"CPI da Covid: Ricardo Barros irrita senadores e tem depoimento encerrado. Ele ser\u00e1 reconvocado como investigado"},"content":{"rendered":"\n<p>O depoimento do deputado federal e l\u00edder do governo Bolsonaro na C\u00e2mara dos Deputados, Ricardo Barros, foi motivo de \u00e2nimos acirrados na CPI da Covid nesta quinta-feira, dia 12 de agosto. Barros foi falar \u00e0 CPI como convidado. No entanto, insistiu em negar todos os ind\u00edcios levantados pelo inqu\u00e9rito e foi acusado de faltar com a verdade por membros da comiss\u00e3o. O parlamentar ser\u00e1 reconvocado, mas desta vez na condi\u00e7\u00e3o de investigado.<\/p>\n\n\n\n<p>A oitiva foi interrompida em dois momentos. No primeiro, Ricardo Barros recusou a admitir que teria sido citado pelo presidente Jair Bolsonaro como nome ligado ao caso da negocia\u00e7\u00e3o de doses da Covaxin, vers\u00e3o acusada pelo deputado Lu\u00eds Miranda em seu depoimento no Senado Federal.<\/p>\n\n\n\n<p>O encerramento definitivo do depoimento se deu ap\u00f3s o l\u00edder bolsonarista acusar a CPI da Covid de ter afastado &#8220;v\u00e1rias empresas interessadas em fazer neg\u00f3cios com o Brasil&#8221;, criticando enfaticamente a condu\u00e7\u00e3o dos trabalhos.<\/p>\n\n\n\n<p>O presidente da CPI, Omar Aziz (PSD), repreendeu duramente o depoente. &#8220;Afastamos a vacina que o governo queria tirar proveito. Se hoje o Brasil est\u00e1 vacinando, est\u00e1 vacinando com uma vacina que chega a um pre\u00e7o justo, \u00e9 gra\u00e7as a CPI&#8221;, devolveu \u00e0 Barros.<\/p>\n\n\n\n<p>Al\u00e9m do epis\u00f3dio da Covaxin, Barros \u00e9 investigado por improbidade administrativa ap\u00f3s ter se negado a cancelar o contrato com a Global Gest\u00e3o em Sa\u00fade, quando foi ministro da Sa\u00fade entre 2016 e 2018. A empresa se recusou a devolver R$ 20 milh\u00f5es antecipados pela pasta.<\/p>\n\n\n\n<figure class=\"wp-block-image size-large\"><img loading=\"lazy\" decoding=\"async\" width=\"739\" height=\"415\" src=\"https:\/\/blogdorogeriogomes.com.br\/wp-content\/uploads\/2021\/08\/images-2021-08-12T173436.622.jpeg\" alt=\"\" class=\"wp-image-22341\" srcset=\"https:\/\/blogdorogeriogomes.com.br\/noticias\/wp-content\/uploads\/2021\/08\/images-2021-08-12T173436.622.jpeg 739w, https:\/\/blogdorogeriogomes.com.br\/noticias\/wp-content\/uploads\/2021\/08\/images-2021-08-12T173436.622-300x168.jpeg 300w\" sizes=\"auto, (max-width: 739px) 100vw, 739px\" \/><\/figure>\n","protected":false},"excerpt":{"rendered":"<p>O depoimento do deputado federal e l\u00edder do governo Bolsonaro na C\u00e2mara dos Deputados, Ricardo Barros, foi motivo de \u00e2nimos acirrados na CPI da Covid nesta quinta-feira, dia 12 de agosto. Barros foi falar \u00e0 CPI como convidado. No entanto, insistiu em negar todos os ind\u00edcios levantados pelo inqu\u00e9rito e foi acusado de faltar com a verdade por membros da comiss\u00e3o. O parlamentar ser\u00e1 reconvocado, mas desta vez na condi\u00e7\u00e3o de investigado. A oitiva foi interrompida em dois momentos.&hellip;<\/p>\n","protected":false},"author":1,"featured_media":22341,"comment_status":"open","ping_status":"open","sticky":false,"template":"","format":"standard","meta":{"footnotes":""},"categories":[1],"tags":[],"class_list":["post-22340","post","type-post","status-publish","format-standard","has-post-thumbnail","hentry","category-noticias"],"_links":{"self":[{"href":"https:\/\/blogdorogeriogomes.com.br\/noticias\/wp-json\/wp\/v2\/posts\/22340","targetHints":{"allow":["GET"]}}],"collection":[{"href":"https:\/\/blogdorogeriogomes.com.br\/noticias\/wp-json\/wp\/v2\/posts"}],"about":[{"href":"https:\/\/blogdorogeriogomes.com.br\/noticias\/wp-json\/wp\/v2\/types\/post"}],"author":[{"embeddable":true,"href":"https:\/\/blogdorogeriogomes.com.br\/noticias\/wp-json\/wp\/v2\/users\/1"}],"replies":[{"embeddable":true,"href":"https:\/\/blogdorogeriogomes.com.br\/noticias\/wp-json\/wp\/v2\/comments?post=22340"}],"version-history":[{"count":1,"href":"https:\/\/blogdorogeriogomes.com.br\/noticias\/wp-json\/wp\/v2\/posts\/22340\/revisions"}],"predecessor-version":[{"id":22342,"href":"https:\/\/blogdorogeriogomes.com.br\/noticias\/wp-json\/wp\/v2\/posts\/22340\/revisions\/22342"}],"wp:featuredmedia":[{"embeddable":true,"href":"https:\/\/blogdorogeriogomes.com.br\/noticias\/wp-json\/wp\/v2\/media\/22341"}],"wp:attachment":[{"href":"https:\/\/blogdorogeriogomes.com.br\/noticias\/wp-json\/wp\/v2\/media?parent=22340"}],"wp:term":[{"taxonomy":"category","embeddable":true,"href":"https:\/\/blogdorogeriogomes.com.br\/noticias\/wp-json\/wp\/v2\/categories?post=22340"},{"taxonomy":"post_tag","embeddable":true,"href":"https:\/\/blogdorogeriogomes.com.br\/noticias\/wp-json\/wp\/v2\/tags?post=22340"}],"curies":[{"name":"wp","href":"https:\/\/api.w.org\/{rel}","templated":true}]}}