{"id":22346,"date":"2021-08-13T10:39:17","date_gmt":"2021-08-13T10:39:17","guid":{"rendered":"https:\/\/blogdorogeriogomes.com.br\/?p=22346"},"modified":"2021-08-16T11:27:47","modified_gmt":"2021-08-16T11:27:47","slug":"ministerio-da-saude-esta-com-estoque-represado-de-vacinas-e-estados-cobram-mais-agilidade-na-distribuicao","status":"publish","type":"post","link":"https:\/\/blogdorogeriogomes.com.br\/noticias\/2021\/08\/ministerio-da-saude-esta-com-estoque-represado-de-vacinas-e-estados-cobram-mais-agilidade-na-distribuicao\/","title":{"rendered":"Minist\u00e9rio da Sa\u00fade est\u00e1 com estoque represado de vacinas e estados cobram mais agilidade na distribui\u00e7\u00e3o"},"content":{"rendered":"\n<p>A demora na distribui\u00e7\u00e3o das vacinas contra a Covid-19 pelo Minist\u00e9rio da Sa\u00fade tem feriado conflitos com os governos estaduais. A pasta tem hoje cerca de 7,9 milh\u00f5es de doses estocadas, segundo levantamento do painel &#8220;Quantas doses?&#8221;. O represamento das vacinas \u00e9 alvo de cr\u00edticas dos governadores Jo\u00e3o Doria (PSDB) e Helder Barbalho (MDB), de S\u00e3o Paulo e do Par\u00e1, e do prefeito Eduardo Paes (PSD), do Rio de Janeiro, que chegou a suspender esta semana a vacina\u00e7\u00e3o por falta de doses.<\/p>\n\n\n\n<p>O Minist\u00e9rio da Sa\u00fade diz que os imunizantes passam por controle de qualidade. No entanto, a Anvisa diz que esse trabalho \u00e9 r\u00e1pido e j\u00e1 foi conclu\u00eddo. A promessa da pasta \u00e9 que parte do estoque represado seja distribu\u00eddo neste fim de semana.<\/p>\n\n\n\n<p>Governadores e prefeitos ressaltam que a vacina\u00e7\u00e3o precisa avan\u00e7ar para conter casos e mortes em decorr\u00eancia da Covid-19 e a dissemina\u00e7\u00e3o da variante Delta, apontada como mais transmiss\u00edvel.<\/p>\n\n\n\n<figure class=\"wp-block-image size-large\"><img loading=\"lazy\" decoding=\"async\" width=\"678\" height=\"452\" src=\"https:\/\/blogdorogeriogomes.com.br\/wp-content\/uploads\/2021\/08\/images-2021-08-13T073848.866.jpeg\" alt=\"\" class=\"wp-image-22347\" srcset=\"https:\/\/blogdorogeriogomes.com.br\/noticias\/wp-content\/uploads\/2021\/08\/images-2021-08-13T073848.866.jpeg 678w, https:\/\/blogdorogeriogomes.com.br\/noticias\/wp-content\/uploads\/2021\/08\/images-2021-08-13T073848.866-300x200.jpeg 300w\" sizes=\"auto, (max-width: 678px) 100vw, 678px\" \/><\/figure>\n\n\n\n<p><br><\/p>\n","protected":false},"excerpt":{"rendered":"<p>A demora na distribui\u00e7\u00e3o das vacinas contra a Covid-19 pelo Minist\u00e9rio da Sa\u00fade tem feriado conflitos com os governos estaduais. A pasta tem hoje cerca de 7,9 milh\u00f5es de doses estocadas, segundo levantamento do painel &#8220;Quantas doses?&#8221;. O represamento das vacinas \u00e9 alvo de cr\u00edticas dos governadores Jo\u00e3o Doria (PSDB) e Helder Barbalho (MDB), de S\u00e3o Paulo e do Par\u00e1, e do prefeito Eduardo Paes (PSD), do Rio de Janeiro, que chegou a suspender esta semana a vacina\u00e7\u00e3o por&hellip;<\/p>\n","protected":false},"author":1,"featured_media":22347,"comment_status":"open","ping_status":"open","sticky":false,"template":"","format":"standard","meta":{"footnotes":""},"categories":[1],"tags":[],"class_list":["post-22346","post","type-post","status-publish","format-standard","has-post-thumbnail","hentry","category-noticias"],"_links":{"self":[{"href":"https:\/\/blogdorogeriogomes.com.br\/noticias\/wp-json\/wp\/v2\/posts\/22346","targetHints":{"allow":["GET"]}}],"collection":[{"href":"https:\/\/blogdorogeriogomes.com.br\/noticias\/wp-json\/wp\/v2\/posts"}],"about":[{"href":"https:\/\/blogdorogeriogomes.com.br\/noticias\/wp-json\/wp\/v2\/types\/post"}],"author":[{"embeddable":true,"href":"https:\/\/blogdorogeriogomes.com.br\/noticias\/wp-json\/wp\/v2\/users\/1"}],"replies":[{"embeddable":true,"href":"https:\/\/blogdorogeriogomes.com.br\/noticias\/wp-json\/wp\/v2\/comments?post=22346"}],"version-history":[{"count":1,"href":"https:\/\/blogdorogeriogomes.com.br\/noticias\/wp-json\/wp\/v2\/posts\/22346\/revisions"}],"predecessor-version":[{"id":22348,"href":"https:\/\/blogdorogeriogomes.com.br\/noticias\/wp-json\/wp\/v2\/posts\/22346\/revisions\/22348"}],"wp:featuredmedia":[{"embeddable":true,"href":"https:\/\/blogdorogeriogomes.com.br\/noticias\/wp-json\/wp\/v2\/media\/22347"}],"wp:attachment":[{"href":"https:\/\/blogdorogeriogomes.com.br\/noticias\/wp-json\/wp\/v2\/media?parent=22346"}],"wp:term":[{"taxonomy":"category","embeddable":true,"href":"https:\/\/blogdorogeriogomes.com.br\/noticias\/wp-json\/wp\/v2\/categories?post=22346"},{"taxonomy":"post_tag","embeddable":true,"href":"https:\/\/blogdorogeriogomes.com.br\/noticias\/wp-json\/wp\/v2\/tags?post=22346"}],"curies":[{"name":"wp","href":"https:\/\/api.w.org\/{rel}","templated":true}]}}