{"id":22352,"date":"2021-08-13T21:12:07","date_gmt":"2021-08-13T21:12:07","guid":{"rendered":"https:\/\/blogdorogeriogomes.com.br\/?p=22352"},"modified":"2021-08-16T11:27:05","modified_gmt":"2021-08-16T11:27:05","slug":"bolsonaro-ataca-camilo-santana-no-ceara-sobre-adocao-de-medidas-sanitarias-e-leva-a-resposta-criminoso-e-ignorar-a-perda-de-vidas","status":"publish","type":"post","link":"https:\/\/blogdorogeriogomes.com.br\/noticias\/2021\/08\/bolsonaro-ataca-camilo-santana-no-ceara-sobre-adocao-de-medidas-sanitarias-e-leva-a-resposta-criminoso-e-ignorar-a-perda-de-vidas\/","title":{"rendered":"Bolsonaro ataca Camilo Santana no Cear\u00e1 sobre ado\u00e7\u00e3o de medidas sanit\u00e1rias e leva a resposta: &#8220;Criminoso \u00e9 ignorar a perda de vidas&#8221;"},"content":{"rendered":"\n<p>Em visita a Juazeiro do Norte nesta sexta-feira, dia 13 de agosto, o presidente Jair Bolsonaro (sem partido) criticou o governador Camilo Santana (PT) de promover &#8220;ato criminoso e maldoso&#8221; ao adorar medidas sanit\u00e1rias no Cear\u00e1 de combate \u00e0 pandemia de Covid-19.<\/p>\n\n\n\n<p>Em resposta ao presidente, Camilo afirmou que criminoso &#8220;\u00e9 ignorar a perda de mais de meio milh\u00e3o de vidas na pandemia e ainda debochar da dor das fam\u00edlias&#8221;. &#8220;Seus ataques jamais ir\u00e3o tirar de mim a for\u00e7a para continuar lutando&#8221;, completou.<\/p>\n\n\n\n<p>Na manh\u00e3 desta sexta-feira, o Tribunal Regional Federal da 5\u00aa Regi\u00e3o decidiu pela queda da a\u00e7\u00e3o liminar e tirou a validade da medida de controle contra a Covid-19 exigida pelo Governo do Cear\u00e1 para os desembarques em Fortaleza. Era exigido que passageiros apresentassem imuniza\u00e7\u00e3o completa ou teste feito h\u00e1 pelo menos 72 horas. O governador afirmou que a decis\u00e3o foi absurda e que ir\u00e1 recorrer. O Cear\u00e1 j\u00e1 enfrenta cont\u00e1gio comunit\u00e1rio da variante Delta.<\/p>\n\n\n\n<p>Bolsonaro, cercado de aliados, apostou em uma campanha eleitoral antecipada na sua passagem pela regi\u00e3o do Cariri. Atacou advers\u00e1rios, repetiu cr\u00edticas ao combate do coronav\u00edrus por governadores e prefeitos, mas parece esquecer que o Brasil j\u00e1 superou 567 mil mortes pela Covid-19.<\/p>\n\n\n\n<figure class=\"wp-block-image size-large\"><img loading=\"lazy\" decoding=\"async\" width=\"984\" height=\"656\" src=\"https:\/\/blogdorogeriogomes.com.br\/wp-content\/uploads\/2021\/08\/bolsonaro-ceara-2.jpg\" alt=\"\" class=\"wp-image-22353\" srcset=\"https:\/\/blogdorogeriogomes.com.br\/noticias\/wp-content\/uploads\/2021\/08\/bolsonaro-ceara-2.jpg 984w, https:\/\/blogdorogeriogomes.com.br\/noticias\/wp-content\/uploads\/2021\/08\/bolsonaro-ceara-2-300x200.jpg 300w, https:\/\/blogdorogeriogomes.com.br\/noticias\/wp-content\/uploads\/2021\/08\/bolsonaro-ceara-2-768x512.jpg 768w, https:\/\/blogdorogeriogomes.com.br\/noticias\/wp-content\/uploads\/2021\/08\/bolsonaro-ceara-2-800x533.jpg 800w\" sizes=\"auto, (max-width: 984px) 100vw, 984px\" \/><\/figure>\n","protected":false},"excerpt":{"rendered":"<p>Em visita a Juazeiro do Norte nesta sexta-feira, dia 13 de agosto, o presidente Jair Bolsonaro (sem partido) criticou o governador Camilo Santana (PT) de promover &#8220;ato criminoso e maldoso&#8221; ao adorar medidas sanit\u00e1rias no Cear\u00e1 de combate \u00e0 pandemia de Covid-19. Em resposta ao presidente, Camilo afirmou que criminoso &#8220;\u00e9 ignorar a perda de mais de meio milh\u00e3o de vidas na pandemia e ainda debochar da dor das fam\u00edlias&#8221;. &#8220;Seus ataques jamais ir\u00e3o tirar de mim a for\u00e7a&hellip;<\/p>\n","protected":false},"author":1,"featured_media":22353,"comment_status":"open","ping_status":"open","sticky":false,"template":"","format":"standard","meta":{"footnotes":""},"categories":[1],"tags":[],"class_list":["post-22352","post","type-post","status-publish","format-standard","has-post-thumbnail","hentry","category-noticias"],"_links":{"self":[{"href":"https:\/\/blogdorogeriogomes.com.br\/noticias\/wp-json\/wp\/v2\/posts\/22352","targetHints":{"allow":["GET"]}}],"collection":[{"href":"https:\/\/blogdorogeriogomes.com.br\/noticias\/wp-json\/wp\/v2\/posts"}],"about":[{"href":"https:\/\/blogdorogeriogomes.com.br\/noticias\/wp-json\/wp\/v2\/types\/post"}],"author":[{"embeddable":true,"href":"https:\/\/blogdorogeriogomes.com.br\/noticias\/wp-json\/wp\/v2\/users\/1"}],"replies":[{"embeddable":true,"href":"https:\/\/blogdorogeriogomes.com.br\/noticias\/wp-json\/wp\/v2\/comments?post=22352"}],"version-history":[{"count":1,"href":"https:\/\/blogdorogeriogomes.com.br\/noticias\/wp-json\/wp\/v2\/posts\/22352\/revisions"}],"predecessor-version":[{"id":22354,"href":"https:\/\/blogdorogeriogomes.com.br\/noticias\/wp-json\/wp\/v2\/posts\/22352\/revisions\/22354"}],"wp:featuredmedia":[{"embeddable":true,"href":"https:\/\/blogdorogeriogomes.com.br\/noticias\/wp-json\/wp\/v2\/media\/22353"}],"wp:attachment":[{"href":"https:\/\/blogdorogeriogomes.com.br\/noticias\/wp-json\/wp\/v2\/media?parent=22352"}],"wp:term":[{"taxonomy":"category","embeddable":true,"href":"https:\/\/blogdorogeriogomes.com.br\/noticias\/wp-json\/wp\/v2\/categories?post=22352"},{"taxonomy":"post_tag","embeddable":true,"href":"https:\/\/blogdorogeriogomes.com.br\/noticias\/wp-json\/wp\/v2\/tags?post=22352"}],"curies":[{"name":"wp","href":"https:\/\/api.w.org\/{rel}","templated":true}]}}