{"id":22355,"date":"2021-08-14T12:42:24","date_gmt":"2021-08-14T12:42:24","guid":{"rendered":"https:\/\/blogdorogeriogomes.com.br\/?p=22355"},"modified":"2021-08-16T11:26:32","modified_gmt":"2021-08-16T11:26:32","slug":"terminal-de-granel-do-porto-do-mucuripe-passa-para-a-iniciativa-privada-e-vai-receber-investimento-de-quase-r-48-milhoes-de-reais","status":"publish","type":"post","link":"https:\/\/blogdorogeriogomes.com.br\/noticias\/2021\/08\/terminal-de-granel-do-porto-do-mucuripe-passa-para-a-iniciativa-privada-e-vai-receber-investimento-de-quase-r-48-milhoes-de-reais\/","title":{"rendered":"Terminal de Granel do Porto do Mucuripe passa para a iniciativa privada e vai receber investimento de quase R$ 48 milh\u00f5es de reais"},"content":{"rendered":"\n<p>O Tergran Fortaleza Ltda, formado pelos Grupos J. Macedo, M. Dias Branco e Grande Moinho Cearense, arrematou nesta sexta-feira, dia 13 de agosto, em leil\u00e3o realizado em S\u00e3o Paulo, o Terminal de Granel S\u00f3lido Vegetal do Porto do Mucuripe em Fortaleza, por R$ 1 milh\u00e3o de reais. O contrato de arrendamento \u00e9 v\u00e1lido por 25 anos e a meta do cons\u00f3rcio \u00e9 investir quase R$ 48 milh\u00f5es de reais no terminal.<\/p>\n\n\n\n<p>O leil\u00e3o foi autorizado pela Ag\u00eancia Nacional de Transportes Aquavi\u00e1rios e foi comandado pelos ministros da Infraestrutura, Tarc\u00edsio Gomes de Freitas, e da Cidadania, Jo\u00e3o Roma. A diretora-presidente da&nbsp;Companhia Docas do Cear\u00e1, Mayhara Chaves, tamb\u00e9m esteve presente ao evento.<\/p>\n\n\n\n<p>O terminal \u00e9 destinado para movimenta\u00e7\u00e3o, armazenagem e distribui\u00e7\u00e3o de cargas, com&nbsp;destaque para o trigo.&nbsp;O Terminal de Granel S\u00f3lido Vegetal do Porto de Fortaleza ocupa \u00e1rea de seis mil metros quadrados. No ano passado, o trigo colocou o Porto de Fortaleza na lideran\u00e7a desse tipo de carga entre os portos do Pa\u00eds, com 1.201.698 toneladas importadas para pa\u00edses como Argentina, Estados Unidos e Canad\u00e1.<\/p>\n\n\n\n<figure class=\"wp-block-image size-large\"><img loading=\"lazy\" decoding=\"async\" width=\"680\" height=\"451\" src=\"https:\/\/blogdorogeriogomes.com.br\/wp-content\/uploads\/2021\/08\/images-2021-08-14T092946.593.jpeg\" alt=\"\" class=\"wp-image-22356\" srcset=\"https:\/\/blogdorogeriogomes.com.br\/noticias\/wp-content\/uploads\/2021\/08\/images-2021-08-14T092946.593.jpeg 680w, https:\/\/blogdorogeriogomes.com.br\/noticias\/wp-content\/uploads\/2021\/08\/images-2021-08-14T092946.593-300x199.jpeg 300w\" sizes=\"auto, (max-width: 680px) 100vw, 680px\" \/><\/figure>\n","protected":false},"excerpt":{"rendered":"<p>O Tergran Fortaleza Ltda, formado pelos Grupos J. Macedo, M. Dias Branco e Grande Moinho Cearense, arrematou nesta sexta-feira, dia 13 de agosto, em leil\u00e3o realizado em S\u00e3o Paulo, o Terminal de Granel S\u00f3lido Vegetal do Porto do Mucuripe em Fortaleza, por R$ 1 milh\u00e3o de reais. O contrato de arrendamento \u00e9 v\u00e1lido por 25 anos e a meta do cons\u00f3rcio \u00e9 investir quase R$ 48 milh\u00f5es de reais no terminal. O leil\u00e3o foi autorizado pela Ag\u00eancia Nacional de&hellip;<\/p>\n","protected":false},"author":1,"featured_media":22356,"comment_status":"open","ping_status":"open","sticky":false,"template":"","format":"standard","meta":{"footnotes":""},"categories":[1],"tags":[],"class_list":["post-22355","post","type-post","status-publish","format-standard","has-post-thumbnail","hentry","category-noticias"],"_links":{"self":[{"href":"https:\/\/blogdorogeriogomes.com.br\/noticias\/wp-json\/wp\/v2\/posts\/22355","targetHints":{"allow":["GET"]}}],"collection":[{"href":"https:\/\/blogdorogeriogomes.com.br\/noticias\/wp-json\/wp\/v2\/posts"}],"about":[{"href":"https:\/\/blogdorogeriogomes.com.br\/noticias\/wp-json\/wp\/v2\/types\/post"}],"author":[{"embeddable":true,"href":"https:\/\/blogdorogeriogomes.com.br\/noticias\/wp-json\/wp\/v2\/users\/1"}],"replies":[{"embeddable":true,"href":"https:\/\/blogdorogeriogomes.com.br\/noticias\/wp-json\/wp\/v2\/comments?post=22355"}],"version-history":[{"count":2,"href":"https:\/\/blogdorogeriogomes.com.br\/noticias\/wp-json\/wp\/v2\/posts\/22355\/revisions"}],"predecessor-version":[{"id":22358,"href":"https:\/\/blogdorogeriogomes.com.br\/noticias\/wp-json\/wp\/v2\/posts\/22355\/revisions\/22358"}],"wp:featuredmedia":[{"embeddable":true,"href":"https:\/\/blogdorogeriogomes.com.br\/noticias\/wp-json\/wp\/v2\/media\/22356"}],"wp:attachment":[{"href":"https:\/\/blogdorogeriogomes.com.br\/noticias\/wp-json\/wp\/v2\/media?parent=22355"}],"wp:term":[{"taxonomy":"category","embeddable":true,"href":"https:\/\/blogdorogeriogomes.com.br\/noticias\/wp-json\/wp\/v2\/categories?post=22355"},{"taxonomy":"post_tag","embeddable":true,"href":"https:\/\/blogdorogeriogomes.com.br\/noticias\/wp-json\/wp\/v2\/tags?post=22355"}],"curies":[{"name":"wp","href":"https:\/\/api.w.org\/{rel}","templated":true}]}}