{"id":22359,"date":"2021-08-14T13:24:52","date_gmt":"2021-08-14T13:24:52","guid":{"rendered":"https:\/\/blogdorogeriogomes.com.br\/?p=22359"},"modified":"2021-08-16T11:26:19","modified_gmt":"2021-08-16T11:26:19","slug":"ceara-inicia-a-semana-com-mais-de-dois-milhoes-de-pessoas-com-imunizacao-completa-contra-a-covid-19","status":"publish","type":"post","link":"https:\/\/blogdorogeriogomes.com.br\/noticias\/2021\/08\/ceara-inicia-a-semana-com-mais-de-dois-milhoes-de-pessoas-com-imunizacao-completa-contra-a-covid-19\/","title":{"rendered":"Cear\u00e1 inicia a semana com mais de dois milh\u00f5es de pessoas com imuniza\u00e7\u00e3o completa contra a Covid-19"},"content":{"rendered":"\n<p>O Cear\u00e1 inicia a semana com mais de dois milh\u00f5es de pessoas com a imuniza\u00e7\u00e3o completa contra a Covid-19. Eles receberam as duas doses da AstraZeneca, CoronaVac e Pfizer ou a dose \u00fanica da Janssen. De acordo com o \u00faltimo boletim da Secretaria de Sa\u00fade do Cear\u00e1, quase 21% da popula\u00e7\u00e3o de 18 a 59 anos e demais grupos priorit\u00e1rios no Estado est\u00e3o devidamente imunizados. Com apenas uma dose, e esperando a segunda, s\u00e3o quase 47% do p\u00fablico geral no Estado.<\/p>\n\n\n\n<p>O avan\u00e7o na vacina\u00e7\u00e3o tem resultado na queda do n\u00famero de casos e mortes pelo coronav\u00edrus. Em Fortaleza, a Secretaria de Sa\u00fade do Munic\u00edpio avalia que a segunda onda da Covid-19 chegou ao fim diante da redu\u00e7\u00e3o verificada de pacientes nas unidades de sa\u00fade. A m\u00e9dia m\u00f3vel de mortes pela doen\u00e7a na \u00faltima semana j\u00e1 se aproxima de&nbsp;dois \u00f3bitos por dia.<\/p>\n\n\n\n<p>No entanto, as autoridades de sa\u00fade se mant\u00eam em alerta com o surgimento de novos casos da chamada variante Delta do coronav\u00edrus. Atualmente, o Cear\u00e1 j\u00e1 registra 16 casos confirmados da muta\u00e7\u00e3o que est\u00e3o sendo devidamente monitorados.<\/p>\n\n\n\n<figure class=\"wp-block-image size-large\"><img loading=\"lazy\" decoding=\"async\" width=\"678\" height=\"452\" src=\"https:\/\/blogdorogeriogomes.com.br\/wp-content\/uploads\/2021\/08\/images-2021-08-14T100040.473.jpeg\" alt=\"\" class=\"wp-image-22360\" srcset=\"https:\/\/blogdorogeriogomes.com.br\/noticias\/wp-content\/uploads\/2021\/08\/images-2021-08-14T100040.473.jpeg 678w, https:\/\/blogdorogeriogomes.com.br\/noticias\/wp-content\/uploads\/2021\/08\/images-2021-08-14T100040.473-300x200.jpeg 300w\" sizes=\"auto, (max-width: 678px) 100vw, 678px\" \/><\/figure>\n","protected":false},"excerpt":{"rendered":"<p>O Cear\u00e1 inicia a semana com mais de dois milh\u00f5es de pessoas com a imuniza\u00e7\u00e3o completa contra a Covid-19. Eles receberam as duas doses da AstraZeneca, CoronaVac e Pfizer ou a dose \u00fanica da Janssen. De acordo com o \u00faltimo boletim da Secretaria de Sa\u00fade do Cear\u00e1, quase 21% da popula\u00e7\u00e3o de 18 a 59 anos e demais grupos priorit\u00e1rios no Estado est\u00e3o devidamente imunizados. Com apenas uma dose, e esperando a segunda, s\u00e3o quase 47% do p\u00fablico geral&hellip;<\/p>\n","protected":false},"author":1,"featured_media":22360,"comment_status":"open","ping_status":"open","sticky":false,"template":"","format":"standard","meta":{"footnotes":""},"categories":[1],"tags":[],"class_list":["post-22359","post","type-post","status-publish","format-standard","has-post-thumbnail","hentry","category-noticias"],"_links":{"self":[{"href":"https:\/\/blogdorogeriogomes.com.br\/noticias\/wp-json\/wp\/v2\/posts\/22359","targetHints":{"allow":["GET"]}}],"collection":[{"href":"https:\/\/blogdorogeriogomes.com.br\/noticias\/wp-json\/wp\/v2\/posts"}],"about":[{"href":"https:\/\/blogdorogeriogomes.com.br\/noticias\/wp-json\/wp\/v2\/types\/post"}],"author":[{"embeddable":true,"href":"https:\/\/blogdorogeriogomes.com.br\/noticias\/wp-json\/wp\/v2\/users\/1"}],"replies":[{"embeddable":true,"href":"https:\/\/blogdorogeriogomes.com.br\/noticias\/wp-json\/wp\/v2\/comments?post=22359"}],"version-history":[{"count":2,"href":"https:\/\/blogdorogeriogomes.com.br\/noticias\/wp-json\/wp\/v2\/posts\/22359\/revisions"}],"predecessor-version":[{"id":22369,"href":"https:\/\/blogdorogeriogomes.com.br\/noticias\/wp-json\/wp\/v2\/posts\/22359\/revisions\/22369"}],"wp:featuredmedia":[{"embeddable":true,"href":"https:\/\/blogdorogeriogomes.com.br\/noticias\/wp-json\/wp\/v2\/media\/22360"}],"wp:attachment":[{"href":"https:\/\/blogdorogeriogomes.com.br\/noticias\/wp-json\/wp\/v2\/media?parent=22359"}],"wp:term":[{"taxonomy":"category","embeddable":true,"href":"https:\/\/blogdorogeriogomes.com.br\/noticias\/wp-json\/wp\/v2\/categories?post=22359"},{"taxonomy":"post_tag","embeddable":true,"href":"https:\/\/blogdorogeriogomes.com.br\/noticias\/wp-json\/wp\/v2\/tags?post=22359"}],"curies":[{"name":"wp","href":"https:\/\/api.w.org\/{rel}","templated":true}]}}