{"id":22362,"date":"2021-08-16T10:19:50","date_gmt":"2021-08-16T10:19:50","guid":{"rendered":"https:\/\/blogdorogeriogomes.com.br\/?p=22362"},"modified":"2021-08-16T11:26:05","modified_gmt":"2021-08-16T11:26:05","slug":"lula-inicia-visita-ao-nordeste-por-pernambuco-chegada-ao-ceara-esta-prevista-para-sexta-feira","status":"publish","type":"post","link":"https:\/\/blogdorogeriogomes.com.br\/noticias\/2021\/08\/lula-inicia-visita-ao-nordeste-por-pernambuco-chegada-ao-ceara-esta-prevista-para-sexta-feira\/","title":{"rendered":"Lula inicia visita ao Nordeste por Pernambuco. Chegada ao Cear\u00e1 est\u00e1 prevista para sexta-feira"},"content":{"rendered":"\n<p>O ex-presidente Lula j\u00e1 est\u00e1 no Nordeste. No domingo, dia 15 de agosto, a visita aconteceu em Pernambuco. Lula se encontrou com o governador de Pernambuco, Paulo C\u00e2mara, e com o prefeito de Recife, Jo\u00e3o Campos. &#8220;Fechamos nosso primeiro dia com muito di\u00e1logo e a certeza de que \u00e9 poss\u00edvel reconstruir nosso Brasil&#8221;,&nbsp;disse Lula.<\/p>\n\n\n\n<p>Os encontros pol\u00edticos de Lula t\u00eam o objetivo de fechar as articula\u00e7\u00f5es para as elei\u00e7\u00f5es de 2022, tanto na disputa presidencial como nas alian\u00e7as estaduais. Novos governadores ser\u00e3o eleitos no pr\u00f3ximo ano.<\/p>\n\n\n\n<p>A viagem de Lula no Nordeste vai durar 11 dias e passar\u00e1 por seis estados: Pernambuco, Piau\u00ed, Maranh\u00e3o, Cear\u00e1, Rio Grande do Norte e Bahia.&nbsp;No Cear\u00e1, Lula tem chegada prevista para a pr\u00f3xima sexta-feira, dia 20. Ele deve permanecer no Estado at\u00e9 a segunda-feira, dia 23.<\/p>\n\n\n\n<figure class=\"wp-block-image size-large\"><img loading=\"lazy\" decoding=\"async\" width=\"680\" height=\"464\" src=\"https:\/\/blogdorogeriogomes.com.br\/wp-content\/uploads\/2021\/08\/E84aGh5WUAoBHb3.jpeg\" alt=\"\" class=\"wp-image-22363\" srcset=\"https:\/\/blogdorogeriogomes.com.br\/noticias\/wp-content\/uploads\/2021\/08\/E84aGh5WUAoBHb3.jpeg 680w, https:\/\/blogdorogeriogomes.com.br\/noticias\/wp-content\/uploads\/2021\/08\/E84aGh5WUAoBHb3-300x205.jpeg 300w\" sizes=\"auto, (max-width: 680px) 100vw, 680px\" \/><\/figure>\n","protected":false},"excerpt":{"rendered":"<p>O ex-presidente Lula j\u00e1 est\u00e1 no Nordeste. No domingo, dia 15 de agosto, a visita aconteceu em Pernambuco. Lula se encontrou com o governador de Pernambuco, Paulo C\u00e2mara, e com o prefeito de Recife, Jo\u00e3o Campos. &#8220;Fechamos nosso primeiro dia com muito di\u00e1logo e a certeza de que \u00e9 poss\u00edvel reconstruir nosso Brasil&#8221;,&nbsp;disse Lula. Os encontros pol\u00edticos de Lula t\u00eam o objetivo de fechar as articula\u00e7\u00f5es para as elei\u00e7\u00f5es de 2022, tanto na disputa presidencial como nas alian\u00e7as estaduais.&hellip;<\/p>\n","protected":false},"author":1,"featured_media":22363,"comment_status":"open","ping_status":"open","sticky":false,"template":"","format":"standard","meta":{"footnotes":""},"categories":[1],"tags":[],"class_list":["post-22362","post","type-post","status-publish","format-standard","has-post-thumbnail","hentry","category-noticias"],"_links":{"self":[{"href":"https:\/\/blogdorogeriogomes.com.br\/noticias\/wp-json\/wp\/v2\/posts\/22362","targetHints":{"allow":["GET"]}}],"collection":[{"href":"https:\/\/blogdorogeriogomes.com.br\/noticias\/wp-json\/wp\/v2\/posts"}],"about":[{"href":"https:\/\/blogdorogeriogomes.com.br\/noticias\/wp-json\/wp\/v2\/types\/post"}],"author":[{"embeddable":true,"href":"https:\/\/blogdorogeriogomes.com.br\/noticias\/wp-json\/wp\/v2\/users\/1"}],"replies":[{"embeddable":true,"href":"https:\/\/blogdorogeriogomes.com.br\/noticias\/wp-json\/wp\/v2\/comments?post=22362"}],"version-history":[{"count":2,"href":"https:\/\/blogdorogeriogomes.com.br\/noticias\/wp-json\/wp\/v2\/posts\/22362\/revisions"}],"predecessor-version":[{"id":22368,"href":"https:\/\/blogdorogeriogomes.com.br\/noticias\/wp-json\/wp\/v2\/posts\/22362\/revisions\/22368"}],"wp:featuredmedia":[{"embeddable":true,"href":"https:\/\/blogdorogeriogomes.com.br\/noticias\/wp-json\/wp\/v2\/media\/22363"}],"wp:attachment":[{"href":"https:\/\/blogdorogeriogomes.com.br\/noticias\/wp-json\/wp\/v2\/media?parent=22362"}],"wp:term":[{"taxonomy":"category","embeddable":true,"href":"https:\/\/blogdorogeriogomes.com.br\/noticias\/wp-json\/wp\/v2\/categories?post=22362"},{"taxonomy":"post_tag","embeddable":true,"href":"https:\/\/blogdorogeriogomes.com.br\/noticias\/wp-json\/wp\/v2\/tags?post=22362"}],"curies":[{"name":"wp","href":"https:\/\/api.w.org\/{rel}","templated":true}]}}