{"id":22365,"date":"2021-08-16T10:46:52","date_gmt":"2021-08-16T10:46:52","guid":{"rendered":"https:\/\/blogdorogeriogomes.com.br\/?p=22365"},"modified":"2021-08-16T11:25:44","modified_gmt":"2021-08-16T11:25:44","slug":"bolsonaro-tenta-articular-mobilizacao-contra-ministros-do-stf-em-setembro-com-participacao-de-caminhoneiros","status":"publish","type":"post","link":"https:\/\/blogdorogeriogomes.com.br\/noticias\/2021\/08\/bolsonaro-tenta-articular-mobilizacao-contra-ministros-do-stf-em-setembro-com-participacao-de-caminhoneiros\/","title":{"rendered":"Bolsonaro tenta articular mobiliza\u00e7\u00e3o contra ministros do STF em setembro com participa\u00e7\u00e3o de caminhoneiros"},"content":{"rendered":"\n<p>Derrotado na C\u00e2mara dos Deputados com a PEC do voto impresso, agora o presidente Jair Bolsonaro direciona uma nova tens\u00e3o pol\u00edtica contra dois ministros do STF, Alexandre de Moraes e Luiz Roberto Barroso. Bolsonaro diz que vai pedir o impeachment dos dois no Senado Federal, depois da pris\u00e3o do bolsonarista Roberto Jefferson determinada por Alexandre de Moraes.<\/p>\n\n\n\n<p>No Senado, l\u00edderes de bancadas consideram que o pedido de abertura de processo contra ministros do Supremo Tribunal Federal anunciado por Jair Bolsonaro n\u00e3o vai prosperar. Senadores iniciaram uma opera\u00e7\u00e3o pol\u00edtica para evitar que Bolsonaro crie um &#8220;circo&#8221; na Casa ao provocar o presidente Rodrigo Pacheco com o pedido de impeachment dos dois ministros do STF.<\/p>\n\n\n\n<p>Paralelo a a\u00e7\u00e3o no Senado, Bolsonaro ainda tenta mobilizar os apoiadores para uma manifesta\u00e7\u00e3o programada para o dia 7 de setembro, que poder\u00e1 ter a participa\u00e7\u00e3o de caminhoneiros. O ex-deputado bolsonarista e cantor S\u00e9rgio Reis est\u00e1 organizando a manifesta\u00e7\u00e3o de caminhoneiros para o dia 7 de setembro pelas redes sociais. No entanto, as principais lideran\u00e7as da categoria desmentem a participa\u00e7\u00e3o no evento.<\/p>\n\n\n\n<p>&#8220;S\u00e9rgio Reis n\u00e3o representa nem os artistas, quanto mais os caminhoneiros&#8221;, disse Plinio Dias, presidente do Conselho Nacional do Transporte Rodovi\u00e1rio de Carga. Segundo ele, a preocupa\u00e7\u00e3o dos l\u00edderes da categoria \u00e9 com as melhorias de condi\u00e7\u00f5es de trabalho e n\u00e3o com pautas pol\u00edticas.<\/p>\n\n\n\n<figure class=\"wp-block-image size-large\"><img loading=\"lazy\" decoding=\"async\" width=\"716\" height=\"428\" src=\"https:\/\/blogdorogeriogomes.com.br\/wp-content\/uploads\/2021\/08\/images-2021-08-16T074607.015.jpeg\" alt=\"\" class=\"wp-image-22366\" srcset=\"https:\/\/blogdorogeriogomes.com.br\/noticias\/wp-content\/uploads\/2021\/08\/images-2021-08-16T074607.015.jpeg 716w, https:\/\/blogdorogeriogomes.com.br\/noticias\/wp-content\/uploads\/2021\/08\/images-2021-08-16T074607.015-300x179.jpeg 300w\" sizes=\"auto, (max-width: 716px) 100vw, 716px\" \/><\/figure>\n","protected":false},"excerpt":{"rendered":"<p>Derrotado na C\u00e2mara dos Deputados com a PEC do voto impresso, agora o presidente Jair Bolsonaro direciona uma nova tens\u00e3o pol\u00edtica contra dois ministros do STF, Alexandre de Moraes e Luiz Roberto Barroso. Bolsonaro diz que vai pedir o impeachment dos dois no Senado Federal, depois da pris\u00e3o do bolsonarista Roberto Jefferson determinada por Alexandre de Moraes. No Senado, l\u00edderes de bancadas consideram que o pedido de abertura de processo contra ministros do Supremo Tribunal Federal anunciado por Jair&hellip;<\/p>\n","protected":false},"author":1,"featured_media":22366,"comment_status":"open","ping_status":"open","sticky":false,"template":"","format":"standard","meta":{"footnotes":""},"categories":[1],"tags":[],"class_list":["post-22365","post","type-post","status-publish","format-standard","has-post-thumbnail","hentry","category-noticias"],"_links":{"self":[{"href":"https:\/\/blogdorogeriogomes.com.br\/noticias\/wp-json\/wp\/v2\/posts\/22365","targetHints":{"allow":["GET"]}}],"collection":[{"href":"https:\/\/blogdorogeriogomes.com.br\/noticias\/wp-json\/wp\/v2\/posts"}],"about":[{"href":"https:\/\/blogdorogeriogomes.com.br\/noticias\/wp-json\/wp\/v2\/types\/post"}],"author":[{"embeddable":true,"href":"https:\/\/blogdorogeriogomes.com.br\/noticias\/wp-json\/wp\/v2\/users\/1"}],"replies":[{"embeddable":true,"href":"https:\/\/blogdorogeriogomes.com.br\/noticias\/wp-json\/wp\/v2\/comments?post=22365"}],"version-history":[{"count":1,"href":"https:\/\/blogdorogeriogomes.com.br\/noticias\/wp-json\/wp\/v2\/posts\/22365\/revisions"}],"predecessor-version":[{"id":22367,"href":"https:\/\/blogdorogeriogomes.com.br\/noticias\/wp-json\/wp\/v2\/posts\/22365\/revisions\/22367"}],"wp:featuredmedia":[{"embeddable":true,"href":"https:\/\/blogdorogeriogomes.com.br\/noticias\/wp-json\/wp\/v2\/media\/22366"}],"wp:attachment":[{"href":"https:\/\/blogdorogeriogomes.com.br\/noticias\/wp-json\/wp\/v2\/media?parent=22365"}],"wp:term":[{"taxonomy":"category","embeddable":true,"href":"https:\/\/blogdorogeriogomes.com.br\/noticias\/wp-json\/wp\/v2\/categories?post=22365"},{"taxonomy":"post_tag","embeddable":true,"href":"https:\/\/blogdorogeriogomes.com.br\/noticias\/wp-json\/wp\/v2\/tags?post=22365"}],"curies":[{"name":"wp","href":"https:\/\/api.w.org\/{rel}","templated":true}]}}