{"id":22370,"date":"2021-08-16T18:14:31","date_gmt":"2021-08-16T18:14:31","guid":{"rendered":"https:\/\/blogdorogeriogomes.com.br\/?p=22370"},"modified":"2021-08-17T08:50:58","modified_gmt":"2021-08-17T08:50:58","slug":"projeto-enviado-a-al-preve-ate-demissao-para-servidor-publico-estadual-que-nao-se-vacinar-contra-covid-19","status":"publish","type":"post","link":"https:\/\/blogdorogeriogomes.com.br\/noticias\/2021\/08\/projeto-enviado-a-al-preve-ate-demissao-para-servidor-publico-estadual-que-nao-se-vacinar-contra-covid-19\/","title":{"rendered":"Projeto enviado \u00e0 AL prev\u00ea at\u00e9 demiss\u00e3o para servidor p\u00fablico estadual que n\u00e3o se vacinar contra Covid-19"},"content":{"rendered":"\n<p>O governador Camilo Santana envia, nesta segunda-feira, dia 16 de agosto, um projeto de lei \u00e0 Assembleia Legislativa que prev\u00ea puni\u00e7\u00f5es aos servidores p\u00fablicos estaduais que n\u00e3o se vacinarem contra a Covid-19. &#8220;Tem pessoas que resistem a se vacinar ou por ideologia pol\u00edtica ou por acreditar nisso, e isso \u00e9 um absurdo. N\u00f3s estamos colocando aqui \u00e9 que a Ci\u00eancia tem orientado que a \u00fanica forma que n\u00f3s temos de superar essa pandemia, que j\u00e1 tirou milhares de vidas de cearense e brasileiros, \u00e9 atrav\u00e9s da vacina&#8221;, disse o governador do Cear\u00e1.<\/p>\n\n\n\n<p>As san\u00e7\u00f5es administrativas valem para pessoas que recusarem vacina\u00e7\u00e3o sem justificativa m\u00e9dica.&nbsp;As puni\u00e7\u00f5es&nbsp;poder\u00e3o variar de um simples alerta at\u00e9 a demiss\u00e3o do servidor p\u00fablico estadual. <\/p>\n\n\n\n<p>H\u00e1 muita gente que tem se recusado a se vacinar provocando riscos a si pr\u00f3prio e a outras pessoas que a cercam. Em Fortaleza, 217 mil pessoas entre 19 e 39 anos que foram agendadas para receber o imunizante, n\u00e3o compareceram \u00e0 vacina\u00e7\u00e3o.&nbsp;<\/p>\n\n\n\n<figure class=\"wp-block-image size-large\"><img loading=\"lazy\" decoding=\"async\" width=\"826\" height=\"371\" src=\"https:\/\/blogdorogeriogomes.com.br\/wp-content\/uploads\/2021\/08\/images-2021-08-16T151346.263.jpeg\" alt=\"\" class=\"wp-image-22371\" srcset=\"https:\/\/blogdorogeriogomes.com.br\/noticias\/wp-content\/uploads\/2021\/08\/images-2021-08-16T151346.263.jpeg 826w, https:\/\/blogdorogeriogomes.com.br\/noticias\/wp-content\/uploads\/2021\/08\/images-2021-08-16T151346.263-300x135.jpeg 300w, https:\/\/blogdorogeriogomes.com.br\/noticias\/wp-content\/uploads\/2021\/08\/images-2021-08-16T151346.263-768x345.jpeg 768w, https:\/\/blogdorogeriogomes.com.br\/noticias\/wp-content\/uploads\/2021\/08\/images-2021-08-16T151346.263-800x359.jpeg 800w\" sizes=\"auto, (max-width: 826px) 100vw, 826px\" \/><\/figure>\n","protected":false},"excerpt":{"rendered":"<p>O governador Camilo Santana envia, nesta segunda-feira, dia 16 de agosto, um projeto de lei \u00e0 Assembleia Legislativa que prev\u00ea puni\u00e7\u00f5es aos servidores p\u00fablicos estaduais que n\u00e3o se vacinarem contra a Covid-19. &#8220;Tem pessoas que resistem a se vacinar ou por ideologia pol\u00edtica ou por acreditar nisso, e isso \u00e9 um absurdo. N\u00f3s estamos colocando aqui \u00e9 que a Ci\u00eancia tem orientado que a \u00fanica forma que n\u00f3s temos de superar essa pandemia, que j\u00e1 tirou milhares de vidas&hellip;<\/p>\n","protected":false},"author":1,"featured_media":22371,"comment_status":"open","ping_status":"open","sticky":false,"template":"","format":"standard","meta":{"footnotes":""},"categories":[1],"tags":[],"class_list":["post-22370","post","type-post","status-publish","format-standard","has-post-thumbnail","hentry","category-noticias"],"_links":{"self":[{"href":"https:\/\/blogdorogeriogomes.com.br\/noticias\/wp-json\/wp\/v2\/posts\/22370","targetHints":{"allow":["GET"]}}],"collection":[{"href":"https:\/\/blogdorogeriogomes.com.br\/noticias\/wp-json\/wp\/v2\/posts"}],"about":[{"href":"https:\/\/blogdorogeriogomes.com.br\/noticias\/wp-json\/wp\/v2\/types\/post"}],"author":[{"embeddable":true,"href":"https:\/\/blogdorogeriogomes.com.br\/noticias\/wp-json\/wp\/v2\/users\/1"}],"replies":[{"embeddable":true,"href":"https:\/\/blogdorogeriogomes.com.br\/noticias\/wp-json\/wp\/v2\/comments?post=22370"}],"version-history":[{"count":2,"href":"https:\/\/blogdorogeriogomes.com.br\/noticias\/wp-json\/wp\/v2\/posts\/22370\/revisions"}],"predecessor-version":[{"id":22376,"href":"https:\/\/blogdorogeriogomes.com.br\/noticias\/wp-json\/wp\/v2\/posts\/22370\/revisions\/22376"}],"wp:featuredmedia":[{"embeddable":true,"href":"https:\/\/blogdorogeriogomes.com.br\/noticias\/wp-json\/wp\/v2\/media\/22371"}],"wp:attachment":[{"href":"https:\/\/blogdorogeriogomes.com.br\/noticias\/wp-json\/wp\/v2\/media?parent=22370"}],"wp:term":[{"taxonomy":"category","embeddable":true,"href":"https:\/\/blogdorogeriogomes.com.br\/noticias\/wp-json\/wp\/v2\/categories?post=22370"},{"taxonomy":"post_tag","embeddable":true,"href":"https:\/\/blogdorogeriogomes.com.br\/noticias\/wp-json\/wp\/v2\/tags?post=22370"}],"curies":[{"name":"wp","href":"https:\/\/api.w.org\/{rel}","templated":true}]}}