{"id":22373,"date":"2021-08-16T23:12:05","date_gmt":"2021-08-16T23:12:05","guid":{"rendered":"https:\/\/blogdorogeriogomes.com.br\/?p=22373"},"modified":"2021-08-17T08:50:47","modified_gmt":"2021-08-17T08:50:47","slug":"ministra-carmen-lucia-da-24-horas-para-augusto-aras-se-posicionar-sobre-live-de-jair-bolsonaro","status":"publish","type":"post","link":"https:\/\/blogdorogeriogomes.com.br\/noticias\/2021\/08\/ministra-carmen-lucia-da-24-horas-para-augusto-aras-se-posicionar-sobre-live-de-jair-bolsonaro\/","title":{"rendered":"Ministra Carmen L\u00facia d\u00e1 24 horas para Augusto Aras se posicionar sobre live de Jair Bolsonaro"},"content":{"rendered":"\n<p>A ministra C\u00e1rmen L\u00facia, do Supremo Tribunal Federal, decidiu investir contra a omiss\u00e3o do procurador-geral da Rep\u00fablica, Augusto Aras, em rela\u00e7\u00e3o \u00e0s amea\u00e7as constantes do presidente Jair Bolsonaro \u00e0 democracia e ao sistema eleitoral. H\u00e1 um pedido de investiga\u00e7\u00e3o contra uma live do presidente que espera resposta de Augusto Aras h\u00e1 13 dias. Agora, C\u00e1rmen L\u00facia deu um prazo de 24 horas para que o procurador-geral se manifeste sobre o caso.<\/p>\n\n\n\n<p>Augusto Aras vem sendo criticado dentro do pr\u00f3prio Minist\u00e9rio P\u00fablico Federal por fazer &#8220;vistas grossas&#8221; \u00e0s amea\u00e7as de Jair Bolsonaro e aos desmandos do Pal\u00e1cio do Planalto no enfrentamento da pandemia da Covid-19.<\/p>\n\n\n\n<p>No caso da live do presidente, 10 deputados federais do PT pediram ao STF que Bolsonaro seja investigado. Na not\u00edcia-crime, os parlamentares petistas apontam que Bolsonaro teria cometido improbidade administrativa e crimes eleitorais por ter usado a estrutura da TV Brasil, estatal, para atacar ministros do Supremo e levantar, sem provas, desconfian\u00e7a sobre a integridade das elei\u00e7\u00f5es.<\/p>\n\n\n\n<figure class=\"wp-block-image size-large\"><img loading=\"lazy\" decoding=\"async\" width=\"400\" height=\"192\" src=\"https:\/\/blogdorogeriogomes.com.br\/wp-content\/uploads\/2021\/08\/CARMEN.jpg\" alt=\"\" class=\"wp-image-22374\" srcset=\"https:\/\/blogdorogeriogomes.com.br\/noticias\/wp-content\/uploads\/2021\/08\/CARMEN.jpg 400w, https:\/\/blogdorogeriogomes.com.br\/noticias\/wp-content\/uploads\/2021\/08\/CARMEN-300x144.jpg 300w\" sizes=\"auto, (max-width: 400px) 100vw, 400px\" \/><\/figure>\n","protected":false},"excerpt":{"rendered":"<p>A ministra C\u00e1rmen L\u00facia, do Supremo Tribunal Federal, decidiu investir contra a omiss\u00e3o do procurador-geral da Rep\u00fablica, Augusto Aras, em rela\u00e7\u00e3o \u00e0s amea\u00e7as constantes do presidente Jair Bolsonaro \u00e0 democracia e ao sistema eleitoral. H\u00e1 um pedido de investiga\u00e7\u00e3o contra uma live do presidente que espera resposta de Augusto Aras h\u00e1 13 dias. Agora, C\u00e1rmen L\u00facia deu um prazo de 24 horas para que o procurador-geral se manifeste sobre o caso. Augusto Aras vem sendo criticado dentro do pr\u00f3prio&hellip;<\/p>\n","protected":false},"author":1,"featured_media":22374,"comment_status":"open","ping_status":"open","sticky":false,"template":"","format":"standard","meta":{"footnotes":""},"categories":[1],"tags":[],"class_list":["post-22373","post","type-post","status-publish","format-standard","has-post-thumbnail","hentry","category-noticias"],"_links":{"self":[{"href":"https:\/\/blogdorogeriogomes.com.br\/noticias\/wp-json\/wp\/v2\/posts\/22373","targetHints":{"allow":["GET"]}}],"collection":[{"href":"https:\/\/blogdorogeriogomes.com.br\/noticias\/wp-json\/wp\/v2\/posts"}],"about":[{"href":"https:\/\/blogdorogeriogomes.com.br\/noticias\/wp-json\/wp\/v2\/types\/post"}],"author":[{"embeddable":true,"href":"https:\/\/blogdorogeriogomes.com.br\/noticias\/wp-json\/wp\/v2\/users\/1"}],"replies":[{"embeddable":true,"href":"https:\/\/blogdorogeriogomes.com.br\/noticias\/wp-json\/wp\/v2\/comments?post=22373"}],"version-history":[{"count":1,"href":"https:\/\/blogdorogeriogomes.com.br\/noticias\/wp-json\/wp\/v2\/posts\/22373\/revisions"}],"predecessor-version":[{"id":22375,"href":"https:\/\/blogdorogeriogomes.com.br\/noticias\/wp-json\/wp\/v2\/posts\/22373\/revisions\/22375"}],"wp:featuredmedia":[{"embeddable":true,"href":"https:\/\/blogdorogeriogomes.com.br\/noticias\/wp-json\/wp\/v2\/media\/22374"}],"wp:attachment":[{"href":"https:\/\/blogdorogeriogomes.com.br\/noticias\/wp-json\/wp\/v2\/media?parent=22373"}],"wp:term":[{"taxonomy":"category","embeddable":true,"href":"https:\/\/blogdorogeriogomes.com.br\/noticias\/wp-json\/wp\/v2\/categories?post=22373"},{"taxonomy":"post_tag","embeddable":true,"href":"https:\/\/blogdorogeriogomes.com.br\/noticias\/wp-json\/wp\/v2\/tags?post=22373"}],"curies":[{"name":"wp","href":"https:\/\/api.w.org\/{rel}","templated":true}]}}