{"id":22383,"date":"2021-08-17T19:14:20","date_gmt":"2021-08-17T19:14:20","guid":{"rendered":"https:\/\/blogdorogeriogomes.com.br\/?p=22383"},"modified":"2021-08-18T18:57:22","modified_gmt":"2021-08-18T18:57:22","slug":"deputados-estaduais-do-ceara-definem-a-composicao-da-cpi-que-ira-investigar-associacoes-militares","status":"publish","type":"post","link":"https:\/\/blogdorogeriogomes.com.br\/noticias\/2021\/08\/deputados-estaduais-do-ceara-definem-a-composicao-da-cpi-que-ira-investigar-associacoes-militares\/","title":{"rendered":"Deputados estaduais do Cear\u00e1 definem a composi\u00e7\u00e3o da CPI que ir\u00e1 investigar associa\u00e7\u00f5es militares"},"content":{"rendered":"\n<p>A Assembleia Legislativa do Cear\u00e1 definiu nesta ter\u00e7a-feira, dia 17 de agosto, em reuni\u00e3o com parlamentares l\u00edderes dos partidos, como ser\u00e1 dividida a composi\u00e7\u00e3o da Comiss\u00e3o Parlamentar de Inqu\u00e9rito (CPI) que ir\u00e1 investigar o destino de recursos recebidos pelas associa\u00e7\u00f5es ligadas \u00e0 Pol\u00edcia Militar e ao Corpo de Bombeiros Militar do Estado do Cear\u00e1.<\/p>\n\n\n\n<p>Seguindo o Regimento Interno, ser\u00e3o nove vagas para a CPI. O presidente da AL, deputado Evandro Leit\u00e3o, explica que seis vagas j\u00e1 estavam pr\u00e9-definidas, por ser levado em considera\u00e7\u00e3o o quociente partid\u00e1rio para formar a comiss\u00e3o.<\/p>\n\n\n\n<p>A regra indica que cinco deputados de um bloco partid\u00e1rio garantem o direito a uma vaga. &#8220;O bloco formado por PDT, DEM e Cidadania, com 15 deputados, assegurou tr\u00eas vagas. O PT, com cinco deputados, teve direito a uma vaga, o PP, com cinco deputados, tamb\u00e9m garantiu uma vaga. O MDB teve direito a uma indica\u00e7\u00e3o. Republicanos e Pros indicaram outro nome. Os outros dois restantes devem ser indicados at\u00e9 a pr\u00f3xima sexta-feira, dia 20&#8221;, detalhou o presidente.<\/p>\n\n\n\n<figure class=\"wp-block-image size-large\"><img loading=\"lazy\" decoding=\"async\" width=\"1024\" height=\"682\" src=\"https:\/\/blogdorogeriogomes.com.br\/wp-content\/uploads\/2021\/08\/IMG-20210817-WA0098-1024x682.jpg\" alt=\"\" class=\"wp-image-22384\" srcset=\"https:\/\/blogdorogeriogomes.com.br\/noticias\/wp-content\/uploads\/2021\/08\/IMG-20210817-WA0098-1024x682.jpg 1024w, https:\/\/blogdorogeriogomes.com.br\/noticias\/wp-content\/uploads\/2021\/08\/IMG-20210817-WA0098-300x200.jpg 300w, https:\/\/blogdorogeriogomes.com.br\/noticias\/wp-content\/uploads\/2021\/08\/IMG-20210817-WA0098-768x512.jpg 768w, https:\/\/blogdorogeriogomes.com.br\/noticias\/wp-content\/uploads\/2021\/08\/IMG-20210817-WA0098-800x533.jpg 800w, https:\/\/blogdorogeriogomes.com.br\/noticias\/wp-content\/uploads\/2021\/08\/IMG-20210817-WA0098.jpg 1280w\" sizes=\"auto, (max-width: 1024px) 100vw, 1024px\" \/><\/figure>\n","protected":false},"excerpt":{"rendered":"<p>A Assembleia Legislativa do Cear\u00e1 definiu nesta ter\u00e7a-feira, dia 17 de agosto, em reuni\u00e3o com parlamentares l\u00edderes dos partidos, como ser\u00e1 dividida a composi\u00e7\u00e3o da Comiss\u00e3o Parlamentar de Inqu\u00e9rito (CPI) que ir\u00e1 investigar o destino de recursos recebidos pelas associa\u00e7\u00f5es ligadas \u00e0 Pol\u00edcia Militar e ao Corpo de Bombeiros Militar do Estado do Cear\u00e1. Seguindo o Regimento Interno, ser\u00e3o nove vagas para a CPI. O presidente da AL, deputado Evandro Leit\u00e3o, explica que seis vagas j\u00e1 estavam pr\u00e9-definidas, por&hellip;<\/p>\n","protected":false},"author":1,"featured_media":22384,"comment_status":"open","ping_status":"open","sticky":false,"template":"","format":"standard","meta":{"footnotes":""},"categories":[1],"tags":[],"class_list":["post-22383","post","type-post","status-publish","format-standard","has-post-thumbnail","hentry","category-noticias"],"_links":{"self":[{"href":"https:\/\/blogdorogeriogomes.com.br\/noticias\/wp-json\/wp\/v2\/posts\/22383","targetHints":{"allow":["GET"]}}],"collection":[{"href":"https:\/\/blogdorogeriogomes.com.br\/noticias\/wp-json\/wp\/v2\/posts"}],"about":[{"href":"https:\/\/blogdorogeriogomes.com.br\/noticias\/wp-json\/wp\/v2\/types\/post"}],"author":[{"embeddable":true,"href":"https:\/\/blogdorogeriogomes.com.br\/noticias\/wp-json\/wp\/v2\/users\/1"}],"replies":[{"embeddable":true,"href":"https:\/\/blogdorogeriogomes.com.br\/noticias\/wp-json\/wp\/v2\/comments?post=22383"}],"version-history":[{"count":1,"href":"https:\/\/blogdorogeriogomes.com.br\/noticias\/wp-json\/wp\/v2\/posts\/22383\/revisions"}],"predecessor-version":[{"id":22385,"href":"https:\/\/blogdorogeriogomes.com.br\/noticias\/wp-json\/wp\/v2\/posts\/22383\/revisions\/22385"}],"wp:featuredmedia":[{"embeddable":true,"href":"https:\/\/blogdorogeriogomes.com.br\/noticias\/wp-json\/wp\/v2\/media\/22384"}],"wp:attachment":[{"href":"https:\/\/blogdorogeriogomes.com.br\/noticias\/wp-json\/wp\/v2\/media?parent=22383"}],"wp:term":[{"taxonomy":"category","embeddable":true,"href":"https:\/\/blogdorogeriogomes.com.br\/noticias\/wp-json\/wp\/v2\/categories?post=22383"},{"taxonomy":"post_tag","embeddable":true,"href":"https:\/\/blogdorogeriogomes.com.br\/noticias\/wp-json\/wp\/v2\/tags?post=22383"}],"curies":[{"name":"wp","href":"https:\/\/api.w.org\/{rel}","templated":true}]}}