{"id":22393,"date":"2021-08-18T10:34:12","date_gmt":"2021-08-18T10:34:12","guid":{"rendered":"https:\/\/blogdorogeriogomes.com.br\/?p=22393"},"modified":"2021-08-18T18:56:54","modified_gmt":"2021-08-18T18:56:54","slug":"camilo-santana-estuda-nomes-para-substituir-dr-cabeto-no-comando-da-secretaria-de-saude-do-ceara","status":"publish","type":"post","link":"https:\/\/blogdorogeriogomes.com.br\/noticias\/2021\/08\/camilo-santana-estuda-nomes-para-substituir-dr-cabeto-no-comando-da-secretaria-de-saude-do-ceara\/","title":{"rendered":"Camilo Santana estuda nomes para substituir Dr. Cabeto no comando da Secretaria de Sa\u00fade do Cear\u00e1"},"content":{"rendered":"\n<p>Anunciada a sa\u00edda do Dr. Cabeto do comando da Secretaria de Sa\u00fade do Cear\u00e1 (Sesa), o governador Camilo Santana iniciou a busca por um nome t\u00e9cnico que venha a continuar o trabalho desenvolvido na pasta. Dr. Cabeto esteve dois anos e sete meses \u00e0 frente da Sesa e teve participa\u00e7\u00e3o direta nas a\u00e7\u00f5es de enfrentamento \u00e0 pandemia da Covid-19. Enfrentou muita press\u00e3o de diversos setores da economia nos momentos em que as restri\u00e7\u00f5es sanit\u00e1rias no Cear\u00e1 foram mais rigorosas para evitar aumento nas contamina\u00e7\u00f5es.<\/p>\n\n\n\n<p>O novo nome do secret\u00e1rio de Sa\u00fade a ser escolhido por Camilo Santana leva em considera\u00e7\u00e3o a necessidade de moderniza\u00e7\u00e3o administrativa do setor no Estado. <\/p>\n\n\n\n<p>O fato \u00e9 que as homenagens demonstradas por v\u00e1rias autoridades a Dr. Cabeto pelo trabalho desenvolvido na sa\u00fade revelam que ele estava no caminho certo. <\/p>\n\n\n\n<p>\u00c9 torcer que a escolha seja r\u00e1pida e o setor continue sendo contemplado com os investimentos necess\u00e1rios para o bem estar da popula\u00e7\u00e3o cearense.<\/p>\n\n\n\n<figure class=\"wp-block-image size-large\"><img loading=\"lazy\" decoding=\"async\" width=\"678\" height=\"452\" src=\"https:\/\/blogdorogeriogomes.com.br\/wp-content\/uploads\/2021\/08\/images-5.jpeg\" alt=\"\" class=\"wp-image-22394\" srcset=\"https:\/\/blogdorogeriogomes.com.br\/noticias\/wp-content\/uploads\/2021\/08\/images-5.jpeg 678w, https:\/\/blogdorogeriogomes.com.br\/noticias\/wp-content\/uploads\/2021\/08\/images-5-300x200.jpeg 300w\" sizes=\"auto, (max-width: 678px) 100vw, 678px\" \/><\/figure>\n","protected":false},"excerpt":{"rendered":"<p>Anunciada a sa\u00edda do Dr. Cabeto do comando da Secretaria de Sa\u00fade do Cear\u00e1 (Sesa), o governador Camilo Santana iniciou a busca por um nome t\u00e9cnico que venha a continuar o trabalho desenvolvido na pasta. Dr. Cabeto esteve dois anos e sete meses \u00e0 frente da Sesa e teve participa\u00e7\u00e3o direta nas a\u00e7\u00f5es de enfrentamento \u00e0 pandemia da Covid-19. Enfrentou muita press\u00e3o de diversos setores da economia nos momentos em que as restri\u00e7\u00f5es sanit\u00e1rias no Cear\u00e1 foram mais rigorosas&hellip;<\/p>\n","protected":false},"author":1,"featured_media":22394,"comment_status":"open","ping_status":"open","sticky":false,"template":"","format":"standard","meta":{"footnotes":""},"categories":[1],"tags":[],"class_list":["post-22393","post","type-post","status-publish","format-standard","has-post-thumbnail","hentry","category-noticias"],"_links":{"self":[{"href":"https:\/\/blogdorogeriogomes.com.br\/noticias\/wp-json\/wp\/v2\/posts\/22393","targetHints":{"allow":["GET"]}}],"collection":[{"href":"https:\/\/blogdorogeriogomes.com.br\/noticias\/wp-json\/wp\/v2\/posts"}],"about":[{"href":"https:\/\/blogdorogeriogomes.com.br\/noticias\/wp-json\/wp\/v2\/types\/post"}],"author":[{"embeddable":true,"href":"https:\/\/blogdorogeriogomes.com.br\/noticias\/wp-json\/wp\/v2\/users\/1"}],"replies":[{"embeddable":true,"href":"https:\/\/blogdorogeriogomes.com.br\/noticias\/wp-json\/wp\/v2\/comments?post=22393"}],"version-history":[{"count":1,"href":"https:\/\/blogdorogeriogomes.com.br\/noticias\/wp-json\/wp\/v2\/posts\/22393\/revisions"}],"predecessor-version":[{"id":22395,"href":"https:\/\/blogdorogeriogomes.com.br\/noticias\/wp-json\/wp\/v2\/posts\/22393\/revisions\/22395"}],"wp:featuredmedia":[{"embeddable":true,"href":"https:\/\/blogdorogeriogomes.com.br\/noticias\/wp-json\/wp\/v2\/media\/22394"}],"wp:attachment":[{"href":"https:\/\/blogdorogeriogomes.com.br\/noticias\/wp-json\/wp\/v2\/media?parent=22393"}],"wp:term":[{"taxonomy":"category","embeddable":true,"href":"https:\/\/blogdorogeriogomes.com.br\/noticias\/wp-json\/wp\/v2\/categories?post=22393"},{"taxonomy":"post_tag","embeddable":true,"href":"https:\/\/blogdorogeriogomes.com.br\/noticias\/wp-json\/wp\/v2\/tags?post=22393"}],"curies":[{"name":"wp","href":"https:\/\/api.w.org\/{rel}","templated":true}]}}