{"id":22396,"date":"2021-08-18T12:35:12","date_gmt":"2021-08-18T12:35:12","guid":{"rendered":"https:\/\/blogdorogeriogomes.com.br\/?p=22396"},"modified":"2021-08-18T18:56:45","modified_gmt":"2021-08-18T18:56:45","slug":"feirantes-da-jose-avelino-entram-em-novo-confronto-com-a-guarda-municipal-em-fortaleza","status":"publish","type":"post","link":"https:\/\/blogdorogeriogomes.com.br\/noticias\/2021\/08\/feirantes-da-jose-avelino-entram-em-novo-confronto-com-a-guarda-municipal-em-fortaleza\/","title":{"rendered":"Feirantes da Jos\u00e9 Avelino entram em novo confronto com a Guarda Municipal em Fortaleza"},"content":{"rendered":"\n<p>A madrugada desta quarta-feira, dia 18 de agosto, foi de novos confrontos entre ambulantes e a Guarda Municipal de Fortaleza na feira da Jos\u00e9 Avelino, no Centro. No s\u00e1bado passado j\u00e1 tinha ocorrido o mesmo confronto.<br>A feira da rua Jos\u00e9 Avelino tem permiss\u00e3o para acontecer dentro dos galp\u00f5es comerciais, mas \u00e0s quartas-feiras e s\u00e1bados, ambulantes montam barracas de venda nas ruas. A Guarda Municipal e a Agefis realizam constantes opera\u00e7\u00f5es para combater o com\u00e9rcio irregular.<br>O secret\u00e1rio da Seguran\u00e7a Cidad\u00e3, Cel Eduardo Holanda, diz que a Prefeitura de Fortaleza est\u00e1 buscando um canal de di\u00e1logo com os feirantes, para evitar que outros confrontos&nbsp;venham a ocorrer na \u00e1rea.<\/p>\n\n\n\n<figure class=\"wp-block-image size-large\"><img loading=\"lazy\" decoding=\"async\" width=\"984\" height=\"738\" src=\"https:\/\/blogdorogeriogomes.com.br\/wp-content\/uploads\/2021\/08\/confronto-1b.jpg\" alt=\"\" class=\"wp-image-22398\" srcset=\"https:\/\/blogdorogeriogomes.com.br\/noticias\/wp-content\/uploads\/2021\/08\/confronto-1b.jpg 984w, https:\/\/blogdorogeriogomes.com.br\/noticias\/wp-content\/uploads\/2021\/08\/confronto-1b-300x225.jpg 300w, https:\/\/blogdorogeriogomes.com.br\/noticias\/wp-content\/uploads\/2021\/08\/confronto-1b-768x576.jpg 768w, https:\/\/blogdorogeriogomes.com.br\/noticias\/wp-content\/uploads\/2021\/08\/confronto-1b-800x600.jpg 800w, https:\/\/blogdorogeriogomes.com.br\/noticias\/wp-content\/uploads\/2021\/08\/confronto-1b-400x300.jpg 400w\" sizes=\"auto, (max-width: 984px) 100vw, 984px\" \/><\/figure>\n","protected":false},"excerpt":{"rendered":"<p>A madrugada desta quarta-feira, dia 18 de agosto, foi de novos confrontos entre ambulantes e a Guarda Municipal de Fortaleza na feira da Jos\u00e9 Avelino, no Centro. No s\u00e1bado passado j\u00e1 tinha ocorrido o mesmo confronto.A feira da rua Jos\u00e9 Avelino tem permiss\u00e3o para acontecer dentro dos galp\u00f5es comerciais, mas \u00e0s quartas-feiras e s\u00e1bados, ambulantes montam barracas de venda nas ruas. A Guarda Municipal e a Agefis realizam constantes opera\u00e7\u00f5es para combater o com\u00e9rcio irregular.O secret\u00e1rio da Seguran\u00e7a Cidad\u00e3,&hellip;<\/p>\n","protected":false},"author":1,"featured_media":22398,"comment_status":"open","ping_status":"open","sticky":false,"template":"","format":"standard","meta":{"footnotes":""},"categories":[1],"tags":[],"class_list":["post-22396","post","type-post","status-publish","format-standard","has-post-thumbnail","hentry","category-noticias"],"_links":{"self":[{"href":"https:\/\/blogdorogeriogomes.com.br\/noticias\/wp-json\/wp\/v2\/posts\/22396","targetHints":{"allow":["GET"]}}],"collection":[{"href":"https:\/\/blogdorogeriogomes.com.br\/noticias\/wp-json\/wp\/v2\/posts"}],"about":[{"href":"https:\/\/blogdorogeriogomes.com.br\/noticias\/wp-json\/wp\/v2\/types\/post"}],"author":[{"embeddable":true,"href":"https:\/\/blogdorogeriogomes.com.br\/noticias\/wp-json\/wp\/v2\/users\/1"}],"replies":[{"embeddable":true,"href":"https:\/\/blogdorogeriogomes.com.br\/noticias\/wp-json\/wp\/v2\/comments?post=22396"}],"version-history":[{"count":1,"href":"https:\/\/blogdorogeriogomes.com.br\/noticias\/wp-json\/wp\/v2\/posts\/22396\/revisions"}],"predecessor-version":[{"id":22399,"href":"https:\/\/blogdorogeriogomes.com.br\/noticias\/wp-json\/wp\/v2\/posts\/22396\/revisions\/22399"}],"wp:featuredmedia":[{"embeddable":true,"href":"https:\/\/blogdorogeriogomes.com.br\/noticias\/wp-json\/wp\/v2\/media\/22398"}],"wp:attachment":[{"href":"https:\/\/blogdorogeriogomes.com.br\/noticias\/wp-json\/wp\/v2\/media?parent=22396"}],"wp:term":[{"taxonomy":"category","embeddable":true,"href":"https:\/\/blogdorogeriogomes.com.br\/noticias\/wp-json\/wp\/v2\/categories?post=22396"},{"taxonomy":"post_tag","embeddable":true,"href":"https:\/\/blogdorogeriogomes.com.br\/noticias\/wp-json\/wp\/v2\/tags?post=22396"}],"curies":[{"name":"wp","href":"https:\/\/api.w.org\/{rel}","templated":true}]}}