{"id":22401,"date":"2021-08-18T20:40:25","date_gmt":"2021-08-18T20:40:25","guid":{"rendered":"https:\/\/blogdorogeriogomes.com.br\/?p=22401"},"modified":"2021-08-19T12:07:57","modified_gmt":"2021-08-19T12:07:57","slug":"senadores-entram-com-noticia-crime-no-stf-contra-omissao-do-procurador-geral-augusto-aras","status":"publish","type":"post","link":"https:\/\/blogdorogeriogomes.com.br\/noticias\/2021\/08\/senadores-entram-com-noticia-crime-no-stf-contra-omissao-do-procurador-geral-augusto-aras\/","title":{"rendered":"Senadores entram com not\u00edcia-crime no STF contra &#8220;omiss\u00e3o&#8221; do procurador-geral Augusto Aras"},"content":{"rendered":"\n<p>Os senadores Alessandro Vieira (Cidadania-SE) e Fabiano Contarato (Rede-ES) apresentaram nesta quarta-feira, dia 18 de agosto, ao&nbsp;STF uma not\u00edcia-crime por suposta prevarica\u00e7\u00e3o do procurador-geral da Rep\u00fablica, Augusto Aras. Eles avaliam que Augusto Aras deve ser investigado por suposta \u201catua\u00e7\u00e3o omissa\u201d em rela\u00e7\u00e3o a atos do presidente da Rep\u00fablica, Jair Bolsonaro. O pedido foi encaminhado \u00e0 ministra do STF, C\u00e1rmen L\u00facia, que \u00e9 relatora do caso.<\/p>\n\n\n\n<p>Entre as omiss\u00f5es de Aras apontadas pelos senadores est\u00e3o os ataques de Bolsonaro ao sistema eleitoral brasileiro; o dever de defender o regime democr\u00e1tico brasileiro; e o dever de fiscalizar o cumprimento da lei no enfrentamento \u00e0 pandemia da Covid-19.<\/p>\n\n\n\n<figure class=\"wp-block-image size-large\"><img loading=\"lazy\" decoding=\"async\" width=\"984\" height=\"656\" src=\"https:\/\/blogdorogeriogomes.com.br\/wp-content\/uploads\/2021\/08\/age20200917063.jpg\" alt=\"\" class=\"wp-image-22402\" srcset=\"https:\/\/blogdorogeriogomes.com.br\/noticias\/wp-content\/uploads\/2021\/08\/age20200917063.jpg 984w, https:\/\/blogdorogeriogomes.com.br\/noticias\/wp-content\/uploads\/2021\/08\/age20200917063-300x200.jpg 300w, https:\/\/blogdorogeriogomes.com.br\/noticias\/wp-content\/uploads\/2021\/08\/age20200917063-768x512.jpg 768w, https:\/\/blogdorogeriogomes.com.br\/noticias\/wp-content\/uploads\/2021\/08\/age20200917063-800x533.jpg 800w\" sizes=\"auto, (max-width: 984px) 100vw, 984px\" \/><\/figure>\n","protected":false},"excerpt":{"rendered":"<p>Os senadores Alessandro Vieira (Cidadania-SE) e Fabiano Contarato (Rede-ES) apresentaram nesta quarta-feira, dia 18 de agosto, ao&nbsp;STF uma not\u00edcia-crime por suposta prevarica\u00e7\u00e3o do procurador-geral da Rep\u00fablica, Augusto Aras. Eles avaliam que Augusto Aras deve ser investigado por suposta \u201catua\u00e7\u00e3o omissa\u201d em rela\u00e7\u00e3o a atos do presidente da Rep\u00fablica, Jair Bolsonaro. O pedido foi encaminhado \u00e0 ministra do STF, C\u00e1rmen L\u00facia, que \u00e9 relatora do caso. Entre as omiss\u00f5es de Aras apontadas pelos senadores est\u00e3o os ataques de Bolsonaro ao&hellip;<\/p>\n","protected":false},"author":1,"featured_media":22402,"comment_status":"open","ping_status":"open","sticky":false,"template":"","format":"standard","meta":{"footnotes":""},"categories":[1],"tags":[],"class_list":["post-22401","post","type-post","status-publish","format-standard","has-post-thumbnail","hentry","category-noticias"],"_links":{"self":[{"href":"https:\/\/blogdorogeriogomes.com.br\/noticias\/wp-json\/wp\/v2\/posts\/22401","targetHints":{"allow":["GET"]}}],"collection":[{"href":"https:\/\/blogdorogeriogomes.com.br\/noticias\/wp-json\/wp\/v2\/posts"}],"about":[{"href":"https:\/\/blogdorogeriogomes.com.br\/noticias\/wp-json\/wp\/v2\/types\/post"}],"author":[{"embeddable":true,"href":"https:\/\/blogdorogeriogomes.com.br\/noticias\/wp-json\/wp\/v2\/users\/1"}],"replies":[{"embeddable":true,"href":"https:\/\/blogdorogeriogomes.com.br\/noticias\/wp-json\/wp\/v2\/comments?post=22401"}],"version-history":[{"count":2,"href":"https:\/\/blogdorogeriogomes.com.br\/noticias\/wp-json\/wp\/v2\/posts\/22401\/revisions"}],"predecessor-version":[{"id":22414,"href":"https:\/\/blogdorogeriogomes.com.br\/noticias\/wp-json\/wp\/v2\/posts\/22401\/revisions\/22414"}],"wp:featuredmedia":[{"embeddable":true,"href":"https:\/\/blogdorogeriogomes.com.br\/noticias\/wp-json\/wp\/v2\/media\/22402"}],"wp:attachment":[{"href":"https:\/\/blogdorogeriogomes.com.br\/noticias\/wp-json\/wp\/v2\/media?parent=22401"}],"wp:term":[{"taxonomy":"category","embeddable":true,"href":"https:\/\/blogdorogeriogomes.com.br\/noticias\/wp-json\/wp\/v2\/categories?post=22401"},{"taxonomy":"post_tag","embeddable":true,"href":"https:\/\/blogdorogeriogomes.com.br\/noticias\/wp-json\/wp\/v2\/tags?post=22401"}],"curies":[{"name":"wp","href":"https:\/\/api.w.org\/{rel}","templated":true}]}}