{"id":22404,"date":"2021-08-19T00:16:33","date_gmt":"2021-08-19T00:16:33","guid":{"rendered":"https:\/\/blogdorogeriogomes.com.br\/?p=22404"},"modified":"2021-08-19T12:07:54","modified_gmt":"2021-08-19T12:07:54","slug":"ministro-da-saude-diz-ser-contra-o-uso-obrigatorio-de-mascaras-enquanto-isso-novas-variantes-avancam-no-pais","status":"publish","type":"post","link":"https:\/\/blogdorogeriogomes.com.br\/noticias\/2021\/08\/ministro-da-saude-diz-ser-contra-o-uso-obrigatorio-de-mascaras-enquanto-isso-novas-variantes-avancam-no-pais\/","title":{"rendered":"Ministro da Sa\u00fade diz ser contra o uso obrigat\u00f3rio de m\u00e1scaras. Enquanto isso, novas variantes avan\u00e7am no Pa\u00eds"},"content":{"rendered":"\n<p>Enquanto o mundo todo se preocupa com o avan\u00e7o de novas variantes do coronav\u00edrus, o ministro da Sa\u00fade, Marcelo Queiroga, deu uma declara\u00e7\u00e3o nesta quarta-feira, dia 18 de agosto, que mostra o n\u00edvel de preocupa\u00e7\u00e3o do Governo Federal com a pandemia. Em entrevista ao canal bolsonarista Ter\u00e7a Livre, investigado por disseminar fake news, o ministro disse ser contra a obrigatoriedade do uso de m\u00e1scaras e defendeu a retomada das aulas presenciais. &#8220;Somos contra essa obrigatoriedade (do uso de m\u00e1scaras). O Brasil tem muitas leis e as pessoas, infelizmente, n\u00e3o observam. O uso de m\u00e1scaras tem de ser um ato de conscientiza\u00e7\u00e3o&#8221;, afirmou Queiroga.<\/p>\n\n\n\n<p>Em v\u00e1rios estados brasileiros, a preocupa\u00e7\u00e3o \u00e9 com as variantes da Covid-19, como \u00e9 a caso do Rio de Janeiro onde a maioria dos infectados j\u00e1 \u00e9 com a variante indiana Delta. Cear\u00e1 e Pernambuco j\u00e1 registram transmiss\u00e3o comunit\u00e1ria da muta\u00e7\u00e3o.<\/p>\n\n\n\n<p>No Cear\u00e1, a Secretaria de Sa\u00fade do Estado confirmou o primeiro caso da variante Alfa de Covid-19, vinda do Reino Unido. O paciente \u00e9 um turista de 64 anos, de Minas Gerais, que est\u00e1 isolado e monitorado. Em rela\u00e7\u00e3o a variante Delta, o Cear\u00e1 j\u00e1 tem 43 casos confirmados. <\/p>\n\n\n\n<figure class=\"wp-block-image size-large\"><img loading=\"lazy\" decoding=\"async\" width=\"739\" height=\"415\" src=\"https:\/\/blogdorogeriogomes.com.br\/wp-content\/uploads\/2021\/08\/images-6.jpeg\" alt=\"\" class=\"wp-image-22405\" srcset=\"https:\/\/blogdorogeriogomes.com.br\/noticias\/wp-content\/uploads\/2021\/08\/images-6.jpeg 739w, https:\/\/blogdorogeriogomes.com.br\/noticias\/wp-content\/uploads\/2021\/08\/images-6-300x168.jpeg 300w\" sizes=\"auto, (max-width: 739px) 100vw, 739px\" \/><\/figure>\n","protected":false},"excerpt":{"rendered":"<p>Enquanto o mundo todo se preocupa com o avan\u00e7o de novas variantes do coronav\u00edrus, o ministro da Sa\u00fade, Marcelo Queiroga, deu uma declara\u00e7\u00e3o nesta quarta-feira, dia 18 de agosto, que mostra o n\u00edvel de preocupa\u00e7\u00e3o do Governo Federal com a pandemia. Em entrevista ao canal bolsonarista Ter\u00e7a Livre, investigado por disseminar fake news, o ministro disse ser contra a obrigatoriedade do uso de m\u00e1scaras e defendeu a retomada das aulas presenciais. &#8220;Somos contra essa obrigatoriedade (do uso de m\u00e1scaras).&hellip;<\/p>\n","protected":false},"author":1,"featured_media":22405,"comment_status":"open","ping_status":"open","sticky":false,"template":"","format":"standard","meta":{"footnotes":""},"categories":[1],"tags":[],"class_list":["post-22404","post","type-post","status-publish","format-standard","has-post-thumbnail","hentry","category-noticias"],"_links":{"self":[{"href":"https:\/\/blogdorogeriogomes.com.br\/noticias\/wp-json\/wp\/v2\/posts\/22404","targetHints":{"allow":["GET"]}}],"collection":[{"href":"https:\/\/blogdorogeriogomes.com.br\/noticias\/wp-json\/wp\/v2\/posts"}],"about":[{"href":"https:\/\/blogdorogeriogomes.com.br\/noticias\/wp-json\/wp\/v2\/types\/post"}],"author":[{"embeddable":true,"href":"https:\/\/blogdorogeriogomes.com.br\/noticias\/wp-json\/wp\/v2\/users\/1"}],"replies":[{"embeddable":true,"href":"https:\/\/blogdorogeriogomes.com.br\/noticias\/wp-json\/wp\/v2\/comments?post=22404"}],"version-history":[{"count":1,"href":"https:\/\/blogdorogeriogomes.com.br\/noticias\/wp-json\/wp\/v2\/posts\/22404\/revisions"}],"predecessor-version":[{"id":22406,"href":"https:\/\/blogdorogeriogomes.com.br\/noticias\/wp-json\/wp\/v2\/posts\/22404\/revisions\/22406"}],"wp:featuredmedia":[{"embeddable":true,"href":"https:\/\/blogdorogeriogomes.com.br\/noticias\/wp-json\/wp\/v2\/media\/22405"}],"wp:attachment":[{"href":"https:\/\/blogdorogeriogomes.com.br\/noticias\/wp-json\/wp\/v2\/media?parent=22404"}],"wp:term":[{"taxonomy":"category","embeddable":true,"href":"https:\/\/blogdorogeriogomes.com.br\/noticias\/wp-json\/wp\/v2\/categories?post=22404"},{"taxonomy":"post_tag","embeddable":true,"href":"https:\/\/blogdorogeriogomes.com.br\/noticias\/wp-json\/wp\/v2\/tags?post=22404"}],"curies":[{"name":"wp","href":"https:\/\/api.w.org\/{rel}","templated":true}]}}