{"id":22407,"date":"2021-08-19T09:59:22","date_gmt":"2021-08-19T09:59:22","guid":{"rendered":"https:\/\/blogdorogeriogomes.com.br\/?p=22407"},"modified":"2021-08-19T12:07:53","modified_gmt":"2021-08-19T12:07:53","slug":"prefeitura-de-fortaleza-monta-um-comite-para-negociar-com-feirantes-da-jose-avelino","status":"publish","type":"post","link":"https:\/\/blogdorogeriogomes.com.br\/noticias\/2021\/08\/prefeitura-de-fortaleza-monta-um-comite-para-negociar-com-feirantes-da-jose-avelino\/","title":{"rendered":"Prefeitura de Fortaleza monta um comit\u00ea para negociar com feirantes da Jos\u00e9 Avelino"},"content":{"rendered":"\n<p>Depois de duas madrugadas de confronto e da morte de um feirante, a Prefeitura de Fortaleza decidiu montar um comit\u00ea de negocia\u00e7\u00e3o para resolver os problemas de ocupa\u00e7\u00e3o e ordenamento na feira da Jos\u00e9 Avelino, no Centro. O prefeito Jos\u00e9 Sarto reuniu o secretariado municipal, nesta quarta-feira, dia 18 de agosto, e cobrou apura\u00e7\u00e3o imediata dos fatos ocorridos na madrugada do mesmo dia quando feirantes voltaram a entrar em embates com a Guarda Municipal. &nbsp;<\/p>\n\n\n\n<p>A ideia \u00e9 que o comit\u00ea venha facilitar o di\u00e1logo com representantes que atuam na rua Jos\u00e9 Avelino e nas ruas do entorno. Sarto quer pacificar a situa\u00e7\u00e3o e elaborar solu\u00e7\u00f5es conjuntas para o ordenamento urbano da \u00e1rea.&nbsp;<\/p>\n\n\n\n<p>Formam o comit\u00ea o secret\u00e1rio de Governo, Renato Lima, e a coordenadora especial de Programas Integrados, Manuela Nogueira. A negocia\u00e7\u00e3o com os feirantes ter\u00e1 ainda a media\u00e7\u00e3o da C\u00e2mara Municipal de Fortaleza, atrav\u00e9s do presidente Ant\u00f4nio Henrique (PDT).<\/p>\n\n\n\n<figure class=\"wp-block-image size-large\"><img loading=\"lazy\" decoding=\"async\" width=\"818\" height=\"459\" src=\"https:\/\/blogdorogeriogomes.com.br\/wp-content\/uploads\/2021\/08\/1_comite_prefeitura-16865643.jpeg\" alt=\"\" class=\"wp-image-22408\" srcset=\"https:\/\/blogdorogeriogomes.com.br\/noticias\/wp-content\/uploads\/2021\/08\/1_comite_prefeitura-16865643.jpeg 818w, https:\/\/blogdorogeriogomes.com.br\/noticias\/wp-content\/uploads\/2021\/08\/1_comite_prefeitura-16865643-300x168.jpeg 300w, https:\/\/blogdorogeriogomes.com.br\/noticias\/wp-content\/uploads\/2021\/08\/1_comite_prefeitura-16865643-768x431.jpeg 768w, https:\/\/blogdorogeriogomes.com.br\/noticias\/wp-content\/uploads\/2021\/08\/1_comite_prefeitura-16865643-800x449.jpeg 800w\" sizes=\"auto, (max-width: 818px) 100vw, 818px\" \/><\/figure>\n","protected":false},"excerpt":{"rendered":"<p>Depois de duas madrugadas de confronto e da morte de um feirante, a Prefeitura de Fortaleza decidiu montar um comit\u00ea de negocia\u00e7\u00e3o para resolver os problemas de ocupa\u00e7\u00e3o e ordenamento na feira da Jos\u00e9 Avelino, no Centro. O prefeito Jos\u00e9 Sarto reuniu o secretariado municipal, nesta quarta-feira, dia 18 de agosto, e cobrou apura\u00e7\u00e3o imediata dos fatos ocorridos na madrugada do mesmo dia quando feirantes voltaram a entrar em embates com a Guarda Municipal. &nbsp; A ideia \u00e9 que&hellip;<\/p>\n","protected":false},"author":1,"featured_media":22408,"comment_status":"open","ping_status":"open","sticky":false,"template":"","format":"standard","meta":{"footnotes":""},"categories":[1],"tags":[],"class_list":["post-22407","post","type-post","status-publish","format-standard","has-post-thumbnail","hentry","category-noticias"],"_links":{"self":[{"href":"https:\/\/blogdorogeriogomes.com.br\/noticias\/wp-json\/wp\/v2\/posts\/22407","targetHints":{"allow":["GET"]}}],"collection":[{"href":"https:\/\/blogdorogeriogomes.com.br\/noticias\/wp-json\/wp\/v2\/posts"}],"about":[{"href":"https:\/\/blogdorogeriogomes.com.br\/noticias\/wp-json\/wp\/v2\/types\/post"}],"author":[{"embeddable":true,"href":"https:\/\/blogdorogeriogomes.com.br\/noticias\/wp-json\/wp\/v2\/users\/1"}],"replies":[{"embeddable":true,"href":"https:\/\/blogdorogeriogomes.com.br\/noticias\/wp-json\/wp\/v2\/comments?post=22407"}],"version-history":[{"count":2,"href":"https:\/\/blogdorogeriogomes.com.br\/noticias\/wp-json\/wp\/v2\/posts\/22407\/revisions"}],"predecessor-version":[{"id":22415,"href":"https:\/\/blogdorogeriogomes.com.br\/noticias\/wp-json\/wp\/v2\/posts\/22407\/revisions\/22415"}],"wp:featuredmedia":[{"embeddable":true,"href":"https:\/\/blogdorogeriogomes.com.br\/noticias\/wp-json\/wp\/v2\/media\/22408"}],"wp:attachment":[{"href":"https:\/\/blogdorogeriogomes.com.br\/noticias\/wp-json\/wp\/v2\/media?parent=22407"}],"wp:term":[{"taxonomy":"category","embeddable":true,"href":"https:\/\/blogdorogeriogomes.com.br\/noticias\/wp-json\/wp\/v2\/categories?post=22407"},{"taxonomy":"post_tag","embeddable":true,"href":"https:\/\/blogdorogeriogomes.com.br\/noticias\/wp-json\/wp\/v2\/tags?post=22407"}],"curies":[{"name":"wp","href":"https:\/\/api.w.org\/{rel}","templated":true}]}}