{"id":22419,"date":"2021-08-19T17:22:06","date_gmt":"2021-08-19T17:22:06","guid":{"rendered":"https:\/\/blogdorogeriogomes.com.br\/?p=22419"},"modified":"2021-08-20T09:39:04","modified_gmt":"2021-08-20T09:39:04","slug":"marcos-gadelha-e-o-novo-secretario-de-saude-do-ceara","status":"publish","type":"post","link":"https:\/\/blogdorogeriogomes.com.br\/noticias\/2021\/08\/marcos-gadelha-e-o-novo-secretario-de-saude-do-ceara\/","title":{"rendered":"Marcos Gadelha \u00e9 o novo secret\u00e1rio de Sa\u00fade do Cear\u00e1"},"content":{"rendered":"\n<p>O governador Camilo Santana anunciou que o m\u00e9dico Marcos Ant\u00f4nio Gadelha Maia \u00e9 o novo secret\u00e1rio da Sa\u00fade do Cear\u00e1 em substitui\u00e7\u00e3o ao Dr. Cabeto, que ficou dois anos e sete meses na fun\u00e7\u00e3o. Ele foi secret\u00e1rio-adjunto&nbsp;da Sa\u00fade do Cear\u00e1 de 2015 a 2018. Na atual gest\u00e3o, Marcos Gadelha ocupava&nbsp;o cargo de secret\u00e1rio executivo de Pol\u00edticas em Sa\u00fade do Cear\u00e1.&nbsp;<\/p>\n\n\n\n<p>O novo secret\u00e1rio de Sa\u00fade do Cear\u00e1 \u00e9 natural de Fortaleza e \u00e9 formado pela Universidade Federal do Cear\u00e1 (1992), p\u00f3s-graduado em Cl\u00ednica M\u00e9dica no Hospital Universit\u00e1rio Walter Cant\u00eddio e em Cardiologia no Hospital Dr. Carlos Alberto Studart Gomes (Hospital de Messejana).<\/p>\n\n\n\n<figure class=\"wp-block-image size-large\"><img loading=\"lazy\" decoding=\"async\" width=\"808\" height=\"454\" src=\"https:\/\/blogdorogeriogomes.com.br\/wp-content\/uploads\/2021\/08\/sec.jpg\" alt=\"\" class=\"wp-image-22420\" srcset=\"https:\/\/blogdorogeriogomes.com.br\/noticias\/wp-content\/uploads\/2021\/08\/sec.jpg 808w, https:\/\/blogdorogeriogomes.com.br\/noticias\/wp-content\/uploads\/2021\/08\/sec-300x169.jpg 300w, https:\/\/blogdorogeriogomes.com.br\/noticias\/wp-content\/uploads\/2021\/08\/sec-768x432.jpg 768w, https:\/\/blogdorogeriogomes.com.br\/noticias\/wp-content\/uploads\/2021\/08\/sec-800x450.jpg 800w\" sizes=\"auto, (max-width: 808px) 100vw, 808px\" \/><\/figure>\n","protected":false},"excerpt":{"rendered":"<p>O governador Camilo Santana anunciou que o m\u00e9dico Marcos Ant\u00f4nio Gadelha Maia \u00e9 o novo secret\u00e1rio da Sa\u00fade do Cear\u00e1 em substitui\u00e7\u00e3o ao Dr. Cabeto, que ficou dois anos e sete meses na fun\u00e7\u00e3o. Ele foi secret\u00e1rio-adjunto&nbsp;da Sa\u00fade do Cear\u00e1 de 2015 a 2018. Na atual gest\u00e3o, Marcos Gadelha ocupava&nbsp;o cargo de secret\u00e1rio executivo de Pol\u00edticas em Sa\u00fade do Cear\u00e1.&nbsp; O novo secret\u00e1rio de Sa\u00fade do Cear\u00e1 \u00e9 natural de Fortaleza e \u00e9 formado pela Universidade Federal do Cear\u00e1&hellip;<\/p>\n","protected":false},"author":1,"featured_media":22420,"comment_status":"open","ping_status":"open","sticky":false,"template":"","format":"standard","meta":{"footnotes":""},"categories":[1],"tags":[],"class_list":["post-22419","post","type-post","status-publish","format-standard","has-post-thumbnail","hentry","category-noticias"],"_links":{"self":[{"href":"https:\/\/blogdorogeriogomes.com.br\/noticias\/wp-json\/wp\/v2\/posts\/22419","targetHints":{"allow":["GET"]}}],"collection":[{"href":"https:\/\/blogdorogeriogomes.com.br\/noticias\/wp-json\/wp\/v2\/posts"}],"about":[{"href":"https:\/\/blogdorogeriogomes.com.br\/noticias\/wp-json\/wp\/v2\/types\/post"}],"author":[{"embeddable":true,"href":"https:\/\/blogdorogeriogomes.com.br\/noticias\/wp-json\/wp\/v2\/users\/1"}],"replies":[{"embeddable":true,"href":"https:\/\/blogdorogeriogomes.com.br\/noticias\/wp-json\/wp\/v2\/comments?post=22419"}],"version-history":[{"count":2,"href":"https:\/\/blogdorogeriogomes.com.br\/noticias\/wp-json\/wp\/v2\/posts\/22419\/revisions"}],"predecessor-version":[{"id":22429,"href":"https:\/\/blogdorogeriogomes.com.br\/noticias\/wp-json\/wp\/v2\/posts\/22419\/revisions\/22429"}],"wp:featuredmedia":[{"embeddable":true,"href":"https:\/\/blogdorogeriogomes.com.br\/noticias\/wp-json\/wp\/v2\/media\/22420"}],"wp:attachment":[{"href":"https:\/\/blogdorogeriogomes.com.br\/noticias\/wp-json\/wp\/v2\/media?parent=22419"}],"wp:term":[{"taxonomy":"category","embeddable":true,"href":"https:\/\/blogdorogeriogomes.com.br\/noticias\/wp-json\/wp\/v2\/categories?post=22419"},{"taxonomy":"post_tag","embeddable":true,"href":"https:\/\/blogdorogeriogomes.com.br\/noticias\/wp-json\/wp\/v2\/tags?post=22419"}],"curies":[{"name":"wp","href":"https:\/\/api.w.org\/{rel}","templated":true}]}}