{"id":22422,"date":"2021-08-19T22:55:39","date_gmt":"2021-08-19T22:55:39","guid":{"rendered":"https:\/\/blogdorogeriogomes.com.br\/?p=22422"},"modified":"2021-08-20T09:38:52","modified_gmt":"2021-08-20T09:38:52","slug":"deputados-estaduais-aprovam-exigencia-de-vacinacao-para-os-servidores-publicos-estaduais","status":"publish","type":"post","link":"https:\/\/blogdorogeriogomes.com.br\/noticias\/2021\/08\/deputados-estaduais-aprovam-exigencia-de-vacinacao-para-os-servidores-publicos-estaduais\/","title":{"rendered":"Deputados estaduais aprovam exig\u00eancia de vacina\u00e7\u00e3o para os servidores p\u00fablicos estaduais"},"content":{"rendered":"\n<p>Os deputados estaduais aprovaram, nesta quinta-feira, dia 19 de agosto, o projeto do Executivo que estabelece como dever funcional, no \u00e2mbito do servi\u00e7o p\u00fablico do Estado, a vacina\u00e7\u00e3o contra a Covid-19 por servidores e empregados p\u00fablicos estaduais, como medida de resguardo da salubridade do ambiente de trabalho e de prote\u00e7\u00e3o da sa\u00fade, tanto de usu\u00e1rios quanto de todos os demais agentes envolvidos na presta\u00e7\u00e3o do servi\u00e7o p\u00fablico.<\/p>\n\n\n\n<p>A sess\u00e3o na Assembleia Legislativa do Cear\u00e1 foi cercada de muita discuss\u00e3o, com a base aliada defendendo a import\u00e2ncia de todos se vacinarem contra o coronav\u00edrus. A oposi\u00e7\u00e3o criticou o projeto sob o argumento que ao servidor caberia a livre escolha para se vacinar. Agora, aprovado pelos deputados, o projeto segue para a san\u00e7\u00e3o do governador Camilo Santana.<\/p>\n\n\n\n<p>A medida se aplica aos agentes p\u00fablicos enquadrados em grupo eleg\u00edvel para receber a vacina\u00e7\u00e3o. Segundo o projeto do Poder Executivo, o servidor ou empregado p\u00fablico estadual que, sem justo motivo, opte por n\u00e3o se vacinar contra a Covid-19 dever\u00e1 comunicar a decis\u00e3o ao seu \u00f3rg\u00e3o ou entidade administrativa de lota\u00e7\u00e3o, formalizando pedido de desligamento do cargo ou emprego p\u00fablico.<\/p>\n\n\n\n<p>Caso o servidor p\u00fablico n\u00e3o comunique sua situa\u00e7\u00e3o conforme determina a Lei Estadual, fica sujeito a sofrer san\u00e7\u00f5es que v\u00e3o desde advert\u00eancia \u00e0 demiss\u00e3o.<\/p>\n\n\n\n<figure class=\"wp-block-image size-large\"><img loading=\"lazy\" decoding=\"async\" width=\"900\" height=\"600\" src=\"https:\/\/blogdorogeriogomes.com.br\/wp-content\/uploads\/2021\/08\/65fe87f8895b61f7628e4f6338371eb0_XL.jpg\" alt=\"\" class=\"wp-image-22423\" srcset=\"https:\/\/blogdorogeriogomes.com.br\/noticias\/wp-content\/uploads\/2021\/08\/65fe87f8895b61f7628e4f6338371eb0_XL.jpg 900w, https:\/\/blogdorogeriogomes.com.br\/noticias\/wp-content\/uploads\/2021\/08\/65fe87f8895b61f7628e4f6338371eb0_XL-300x200.jpg 300w, https:\/\/blogdorogeriogomes.com.br\/noticias\/wp-content\/uploads\/2021\/08\/65fe87f8895b61f7628e4f6338371eb0_XL-768x512.jpg 768w, https:\/\/blogdorogeriogomes.com.br\/noticias\/wp-content\/uploads\/2021\/08\/65fe87f8895b61f7628e4f6338371eb0_XL-800x533.jpg 800w\" sizes=\"auto, (max-width: 900px) 100vw, 900px\" \/><\/figure>\n","protected":false},"excerpt":{"rendered":"<p>Os deputados estaduais aprovaram, nesta quinta-feira, dia 19 de agosto, o projeto do Executivo que estabelece como dever funcional, no \u00e2mbito do servi\u00e7o p\u00fablico do Estado, a vacina\u00e7\u00e3o contra a Covid-19 por servidores e empregados p\u00fablicos estaduais, como medida de resguardo da salubridade do ambiente de trabalho e de prote\u00e7\u00e3o da sa\u00fade, tanto de usu\u00e1rios quanto de todos os demais agentes envolvidos na presta\u00e7\u00e3o do servi\u00e7o p\u00fablico. A sess\u00e3o na Assembleia Legislativa do Cear\u00e1 foi cercada de muita discuss\u00e3o,&hellip;<\/p>\n","protected":false},"author":1,"featured_media":22423,"comment_status":"open","ping_status":"open","sticky":false,"template":"","format":"standard","meta":{"footnotes":""},"categories":[1],"tags":[],"class_list":["post-22422","post","type-post","status-publish","format-standard","has-post-thumbnail","hentry","category-noticias"],"_links":{"self":[{"href":"https:\/\/blogdorogeriogomes.com.br\/noticias\/wp-json\/wp\/v2\/posts\/22422","targetHints":{"allow":["GET"]}}],"collection":[{"href":"https:\/\/blogdorogeriogomes.com.br\/noticias\/wp-json\/wp\/v2\/posts"}],"about":[{"href":"https:\/\/blogdorogeriogomes.com.br\/noticias\/wp-json\/wp\/v2\/types\/post"}],"author":[{"embeddable":true,"href":"https:\/\/blogdorogeriogomes.com.br\/noticias\/wp-json\/wp\/v2\/users\/1"}],"replies":[{"embeddable":true,"href":"https:\/\/blogdorogeriogomes.com.br\/noticias\/wp-json\/wp\/v2\/comments?post=22422"}],"version-history":[{"count":1,"href":"https:\/\/blogdorogeriogomes.com.br\/noticias\/wp-json\/wp\/v2\/posts\/22422\/revisions"}],"predecessor-version":[{"id":22424,"href":"https:\/\/blogdorogeriogomes.com.br\/noticias\/wp-json\/wp\/v2\/posts\/22422\/revisions\/22424"}],"wp:featuredmedia":[{"embeddable":true,"href":"https:\/\/blogdorogeriogomes.com.br\/noticias\/wp-json\/wp\/v2\/media\/22423"}],"wp:attachment":[{"href":"https:\/\/blogdorogeriogomes.com.br\/noticias\/wp-json\/wp\/v2\/media?parent=22422"}],"wp:term":[{"taxonomy":"category","embeddable":true,"href":"https:\/\/blogdorogeriogomes.com.br\/noticias\/wp-json\/wp\/v2\/categories?post=22422"},{"taxonomy":"post_tag","embeddable":true,"href":"https:\/\/blogdorogeriogomes.com.br\/noticias\/wp-json\/wp\/v2\/tags?post=22422"}],"curies":[{"name":"wp","href":"https:\/\/api.w.org\/{rel}","templated":true}]}}