{"id":22433,"date":"2021-08-20T11:22:24","date_gmt":"2021-08-20T11:22:24","guid":{"rendered":"https:\/\/blogdorogeriogomes.com.br\/?p=22433"},"modified":"2021-08-23T11:55:03","modified_gmt":"2021-08-23T11:55:03","slug":"cantor-sergio-reis-e-deputado-bolsonarista-sao-alvos-de-busca-e-apreensao-pela-policia-federal-por-ameacas-ao-stf","status":"publish","type":"post","link":"https:\/\/blogdorogeriogomes.com.br\/noticias\/2021\/08\/cantor-sergio-reis-e-deputado-bolsonarista-sao-alvos-de-busca-e-apreensao-pela-policia-federal-por-ameacas-ao-stf\/","title":{"rendered":"Cantor S\u00e9rgio Reis e deputado bolsonarista s\u00e3o alvos de busca e apreens\u00e3o pela Pol\u00edcia Federal por amea\u00e7as ao STF"},"content":{"rendered":"\n<p>A Pol\u00edcia Federal cumpre na manh\u00e3 desta sexta-feira, dia 20 de agosto, mandados de busca e apreens\u00e3o em endere\u00e7os do cantor S\u00e9rgio Reis e do deputado Otoni de Paula (PSC-RJ). As medidas foram autorizadas pelo ministro Alexandre de Moraes, do Supremo Tribunal Federal. Os mandados de busca e apreens\u00e3o tamb\u00e9m s\u00e3o cumpridos em endere\u00e7os no Cear\u00e1 e em outros cinco estados, al\u00e9m do Distrito Federal.<\/p>\n\n\n\n<p>O cantor e ex-deputado federal S\u00e9rgio Reis \u00e9 alvo de a\u00e7\u00e3o do STF por fazer circular declara\u00e7\u00f5es em v\u00eddeo onde amea\u00e7a que caminhoneiros parariam o Brasil at\u00e9 que o Senado Federal afastasse os ministros do Supremo Tribunal Federal (STF) de seus cargos. O deputado federal Otoni de Paula tamb\u00e9m vem fazendo as mesmas amea\u00e7as.<\/p>\n\n\n\n<figure class=\"wp-block-image size-large\"><img loading=\"lazy\" decoding=\"async\" width=\"563\" height=\"544\" src=\"https:\/\/blogdorogeriogomes.com.br\/wp-content\/uploads\/2021\/08\/images-9.jpeg\" alt=\"\" class=\"wp-image-22434\" srcset=\"https:\/\/blogdorogeriogomes.com.br\/noticias\/wp-content\/uploads\/2021\/08\/images-9.jpeg 563w, https:\/\/blogdorogeriogomes.com.br\/noticias\/wp-content\/uploads\/2021\/08\/images-9-300x290.jpeg 300w\" sizes=\"auto, (max-width: 563px) 100vw, 563px\" \/><\/figure>\n","protected":false},"excerpt":{"rendered":"<p>A Pol\u00edcia Federal cumpre na manh\u00e3 desta sexta-feira, dia 20 de agosto, mandados de busca e apreens\u00e3o em endere\u00e7os do cantor S\u00e9rgio Reis e do deputado Otoni de Paula (PSC-RJ). As medidas foram autorizadas pelo ministro Alexandre de Moraes, do Supremo Tribunal Federal. Os mandados de busca e apreens\u00e3o tamb\u00e9m s\u00e3o cumpridos em endere\u00e7os no Cear\u00e1 e em outros cinco estados, al\u00e9m do Distrito Federal. O cantor e ex-deputado federal S\u00e9rgio Reis \u00e9 alvo de a\u00e7\u00e3o do STF por&hellip;<\/p>\n","protected":false},"author":1,"featured_media":22434,"comment_status":"open","ping_status":"open","sticky":false,"template":"","format":"standard","meta":{"footnotes":""},"categories":[1],"tags":[],"class_list":["post-22433","post","type-post","status-publish","format-standard","has-post-thumbnail","hentry","category-noticias"],"_links":{"self":[{"href":"https:\/\/blogdorogeriogomes.com.br\/noticias\/wp-json\/wp\/v2\/posts\/22433","targetHints":{"allow":["GET"]}}],"collection":[{"href":"https:\/\/blogdorogeriogomes.com.br\/noticias\/wp-json\/wp\/v2\/posts"}],"about":[{"href":"https:\/\/blogdorogeriogomes.com.br\/noticias\/wp-json\/wp\/v2\/types\/post"}],"author":[{"embeddable":true,"href":"https:\/\/blogdorogeriogomes.com.br\/noticias\/wp-json\/wp\/v2\/users\/1"}],"replies":[{"embeddable":true,"href":"https:\/\/blogdorogeriogomes.com.br\/noticias\/wp-json\/wp\/v2\/comments?post=22433"}],"version-history":[{"count":1,"href":"https:\/\/blogdorogeriogomes.com.br\/noticias\/wp-json\/wp\/v2\/posts\/22433\/revisions"}],"predecessor-version":[{"id":22435,"href":"https:\/\/blogdorogeriogomes.com.br\/noticias\/wp-json\/wp\/v2\/posts\/22433\/revisions\/22435"}],"wp:featuredmedia":[{"embeddable":true,"href":"https:\/\/blogdorogeriogomes.com.br\/noticias\/wp-json\/wp\/v2\/media\/22434"}],"wp:attachment":[{"href":"https:\/\/blogdorogeriogomes.com.br\/noticias\/wp-json\/wp\/v2\/media?parent=22433"}],"wp:term":[{"taxonomy":"category","embeddable":true,"href":"https:\/\/blogdorogeriogomes.com.br\/noticias\/wp-json\/wp\/v2\/categories?post=22433"},{"taxonomy":"post_tag","embeddable":true,"href":"https:\/\/blogdorogeriogomes.com.br\/noticias\/wp-json\/wp\/v2\/tags?post=22433"}],"curies":[{"name":"wp","href":"https:\/\/api.w.org\/{rel}","templated":true}]}}