{"id":22436,"date":"2021-08-20T19:38:33","date_gmt":"2021-08-20T19:38:33","guid":{"rendered":"https:\/\/blogdorogeriogomes.com.br\/?p=22436"},"modified":"2021-08-23T11:55:18","modified_gmt":"2021-08-23T11:55:18","slug":"horario-de-restaurantes-no-ceara-avanca-ate-meia-noite-com-novo-decreto-estadual","status":"publish","type":"post","link":"https:\/\/blogdorogeriogomes.com.br\/noticias\/2021\/08\/horario-de-restaurantes-no-ceara-avanca-ate-meia-noite-com-novo-decreto-estadual\/","title":{"rendered":"Hor\u00e1rio de restaurantes no Cear\u00e1 avan\u00e7a at\u00e9 meia-noite com novo decreto estadual"},"content":{"rendered":"\n<p>O funcionamento dos restaurantes no Cear\u00e1 poder\u00e1 ser at\u00e9 meia-noite, de acordo com o novo decreto estadual de enfrentamento \u00e0 pandemia da Covid-19. A medida foi anunciada nesta sexta-feira, dia 20 de agosto, pelo governador Camilo Santana. O novo decreto tem validade a partir de segunda-feira, dia 23.<\/p>\n\n\n\n<p>Esta \u00e9 a \u00fanica mudan\u00e7a em rela\u00e7\u00e3o a outras aberturas do setor econ\u00f4mico. O governador Camilo Santana diz mostrar preocupa\u00e7\u00e3o com o avan\u00e7o da variante Delta, que j\u00e1 tem 62 casos confirmados no Cear\u00e1. No entanto, o quadro da pandemia no Estado continua de queda da transmiss\u00e3o do coronav\u00edrus, das mortes e da ocupa\u00e7\u00e3o dos leitos nas unidades de sa\u00fade.<\/p>\n\n\n\n<p>O governador tamb\u00e9m confirmou a ideia de iniciar a vacina\u00e7\u00e3o contra a Covid-19 para pessoas abaixo de 18 anos. A data ainda ser\u00e1 confirmada pela Secretaria de Sa\u00fade do Cear\u00e1.<\/p>\n\n\n\n<figure class=\"wp-block-image size-large\"><img loading=\"lazy\" decoding=\"async\" width=\"706\" height=\"434\" src=\"https:\/\/blogdorogeriogomes.com.br\/wp-content\/uploads\/2021\/08\/images-10.jpeg\" alt=\"\" class=\"wp-image-22437\" srcset=\"https:\/\/blogdorogeriogomes.com.br\/noticias\/wp-content\/uploads\/2021\/08\/images-10.jpeg 706w, https:\/\/blogdorogeriogomes.com.br\/noticias\/wp-content\/uploads\/2021\/08\/images-10-300x184.jpeg 300w\" sizes=\"auto, (max-width: 706px) 100vw, 706px\" \/><\/figure>\n","protected":false},"excerpt":{"rendered":"<p>O funcionamento dos restaurantes no Cear\u00e1 poder\u00e1 ser at\u00e9 meia-noite, de acordo com o novo decreto estadual de enfrentamento \u00e0 pandemia da Covid-19. A medida foi anunciada nesta sexta-feira, dia 20 de agosto, pelo governador Camilo Santana. O novo decreto tem validade a partir de segunda-feira, dia 23. Esta \u00e9 a \u00fanica mudan\u00e7a em rela\u00e7\u00e3o a outras aberturas do setor econ\u00f4mico. O governador Camilo Santana diz mostrar preocupa\u00e7\u00e3o com o avan\u00e7o da variante Delta, que j\u00e1 tem 62 casos&hellip;<\/p>\n","protected":false},"author":1,"featured_media":22437,"comment_status":"open","ping_status":"open","sticky":false,"template":"","format":"standard","meta":{"footnotes":""},"categories":[1],"tags":[],"class_list":["post-22436","post","type-post","status-publish","format-standard","has-post-thumbnail","hentry","category-noticias"],"_links":{"self":[{"href":"https:\/\/blogdorogeriogomes.com.br\/noticias\/wp-json\/wp\/v2\/posts\/22436","targetHints":{"allow":["GET"]}}],"collection":[{"href":"https:\/\/blogdorogeriogomes.com.br\/noticias\/wp-json\/wp\/v2\/posts"}],"about":[{"href":"https:\/\/blogdorogeriogomes.com.br\/noticias\/wp-json\/wp\/v2\/types\/post"}],"author":[{"embeddable":true,"href":"https:\/\/blogdorogeriogomes.com.br\/noticias\/wp-json\/wp\/v2\/users\/1"}],"replies":[{"embeddable":true,"href":"https:\/\/blogdorogeriogomes.com.br\/noticias\/wp-json\/wp\/v2\/comments?post=22436"}],"version-history":[{"count":1,"href":"https:\/\/blogdorogeriogomes.com.br\/noticias\/wp-json\/wp\/v2\/posts\/22436\/revisions"}],"predecessor-version":[{"id":22438,"href":"https:\/\/blogdorogeriogomes.com.br\/noticias\/wp-json\/wp\/v2\/posts\/22436\/revisions\/22438"}],"wp:featuredmedia":[{"embeddable":true,"href":"https:\/\/blogdorogeriogomes.com.br\/noticias\/wp-json\/wp\/v2\/media\/22437"}],"wp:attachment":[{"href":"https:\/\/blogdorogeriogomes.com.br\/noticias\/wp-json\/wp\/v2\/media?parent=22436"}],"wp:term":[{"taxonomy":"category","embeddable":true,"href":"https:\/\/blogdorogeriogomes.com.br\/noticias\/wp-json\/wp\/v2\/categories?post=22436"},{"taxonomy":"post_tag","embeddable":true,"href":"https:\/\/blogdorogeriogomes.com.br\/noticias\/wp-json\/wp\/v2\/tags?post=22436"}],"curies":[{"name":"wp","href":"https:\/\/api.w.org\/{rel}","templated":true}]}}