{"id":22441,"date":"2021-08-20T21:14:28","date_gmt":"2021-08-20T21:14:28","guid":{"rendered":"https:\/\/blogdorogeriogomes.com.br\/?p=22441"},"modified":"2021-08-23T11:55:38","modified_gmt":"2021-08-23T11:55:38","slug":"lula-chega-ao-ceara-para-cumprir-agenda-politica-com-camilo-santana-e-outras-liderancas-partidarias","status":"publish","type":"post","link":"https:\/\/blogdorogeriogomes.com.br\/noticias\/2021\/08\/lula-chega-ao-ceara-para-cumprir-agenda-politica-com-camilo-santana-e-outras-liderancas-partidarias\/","title":{"rendered":"Lula chega ao Cear\u00e1 para cumprir agenda pol\u00edtica com Camilo Santana e outras lideran\u00e7as partid\u00e1rias"},"content":{"rendered":"\n<p>O ex-presidente Luiz In\u00e1cio Lula da Silva chegou a Fortaleza no fim da tarde desta sexta-feira, dia 20 de agosto, para encontros com lideran\u00e7as pol\u00edticas e movimentos sociais at\u00e9 segunda-feira, dia 23. Ele foi recebido no aeroporto pelo governador Camilo Santana (PT). O objetivo da visita, a primeira desde que deixou a pris\u00e3o em novembro de 2019, \u00e9 discutir com lideran\u00e7as o futuro do Cear\u00e1, a conjuntura e os desafios para o desenvolvimento regional e o crescimento do Brasil. A disputa presidencial e a forma\u00e7\u00e3o de um palanque estadual para as elei\u00e7\u00f5es de 2022 est\u00e3o na pauta.<\/p>\n\n\n\n<p>Ainda nesta sexta-feira, o ex-presidente ser\u00e1 recebido pelo governador Camilo Santana em jantar com outras lideran\u00e7as pol\u00edticas. No s\u00e1bado, dia 21, acompanhado do governador cearense, o compromisso de Lula \u00e9 visita \u00e0 nova Zona de Processamento de Exporta\u00e7\u00e3o &#8211; ZPE II e ao Porto de Pec\u00e9m, no Complexo de Pec\u00e9m, em S\u00e3o Gon\u00e7alo do Amarante. Na segunda-feira, dia 23, Lula tem encontros pol\u00edticos com o PT e outros partidos e se encontra tamb\u00e9m com o ex-senador e ex-ministro Eun\u00edcio Oliveira (MDB).<\/p>\n\n\n\n<figure class=\"wp-block-image size-large\"><img loading=\"lazy\" decoding=\"async\" width=\"501\" height=\"619\" src=\"https:\/\/blogdorogeriogomes.com.br\/wp-content\/uploads\/2021\/08\/E9Qsa8pX0AYfpl_.jpeg\" alt=\"\" class=\"wp-image-22442\" srcset=\"https:\/\/blogdorogeriogomes.com.br\/noticias\/wp-content\/uploads\/2021\/08\/E9Qsa8pX0AYfpl_.jpeg 501w, https:\/\/blogdorogeriogomes.com.br\/noticias\/wp-content\/uploads\/2021\/08\/E9Qsa8pX0AYfpl_-243x300.jpeg 243w\" sizes=\"auto, (max-width: 501px) 100vw, 501px\" \/><\/figure>\n","protected":false},"excerpt":{"rendered":"<p>O ex-presidente Luiz In\u00e1cio Lula da Silva chegou a Fortaleza no fim da tarde desta sexta-feira, dia 20 de agosto, para encontros com lideran\u00e7as pol\u00edticas e movimentos sociais at\u00e9 segunda-feira, dia 23. Ele foi recebido no aeroporto pelo governador Camilo Santana (PT). O objetivo da visita, a primeira desde que deixou a pris\u00e3o em novembro de 2019, \u00e9 discutir com lideran\u00e7as o futuro do Cear\u00e1, a conjuntura e os desafios para o desenvolvimento regional e o crescimento do Brasil.&hellip;<\/p>\n","protected":false},"author":1,"featured_media":22442,"comment_status":"open","ping_status":"open","sticky":false,"template":"","format":"standard","meta":{"footnotes":""},"categories":[1],"tags":[],"class_list":["post-22441","post","type-post","status-publish","format-standard","has-post-thumbnail","hentry","category-noticias"],"_links":{"self":[{"href":"https:\/\/blogdorogeriogomes.com.br\/noticias\/wp-json\/wp\/v2\/posts\/22441","targetHints":{"allow":["GET"]}}],"collection":[{"href":"https:\/\/blogdorogeriogomes.com.br\/noticias\/wp-json\/wp\/v2\/posts"}],"about":[{"href":"https:\/\/blogdorogeriogomes.com.br\/noticias\/wp-json\/wp\/v2\/types\/post"}],"author":[{"embeddable":true,"href":"https:\/\/blogdorogeriogomes.com.br\/noticias\/wp-json\/wp\/v2\/users\/1"}],"replies":[{"embeddable":true,"href":"https:\/\/blogdorogeriogomes.com.br\/noticias\/wp-json\/wp\/v2\/comments?post=22441"}],"version-history":[{"count":1,"href":"https:\/\/blogdorogeriogomes.com.br\/noticias\/wp-json\/wp\/v2\/posts\/22441\/revisions"}],"predecessor-version":[{"id":22443,"href":"https:\/\/blogdorogeriogomes.com.br\/noticias\/wp-json\/wp\/v2\/posts\/22441\/revisions\/22443"}],"wp:featuredmedia":[{"embeddable":true,"href":"https:\/\/blogdorogeriogomes.com.br\/noticias\/wp-json\/wp\/v2\/media\/22442"}],"wp:attachment":[{"href":"https:\/\/blogdorogeriogomes.com.br\/noticias\/wp-json\/wp\/v2\/media?parent=22441"}],"wp:term":[{"taxonomy":"category","embeddable":true,"href":"https:\/\/blogdorogeriogomes.com.br\/noticias\/wp-json\/wp\/v2\/categories?post=22441"},{"taxonomy":"post_tag","embeddable":true,"href":"https:\/\/blogdorogeriogomes.com.br\/noticias\/wp-json\/wp\/v2\/tags?post=22441"}],"curies":[{"name":"wp","href":"https:\/\/api.w.org\/{rel}","templated":true}]}}