{"id":22447,"date":"2021-08-21T17:02:55","date_gmt":"2021-08-21T17:02:55","guid":{"rendered":"https:\/\/blogdorogeriogomes.com.br\/?p=22447"},"modified":"2021-08-23T11:56:05","modified_gmt":"2021-08-23T11:56:05","slug":"lula-visita-complexo-portuario-do-pecem-e-prega-uniao-de-forcas-para-derrotar-bolsonaro-em-2022","status":"publish","type":"post","link":"https:\/\/blogdorogeriogomes.com.br\/noticias\/2021\/08\/lula-visita-complexo-portuario-do-pecem-e-prega-uniao-de-forcas-para-derrotar-bolsonaro-em-2022\/","title":{"rendered":"Lula visita Complexo Portu\u00e1rio do Pec\u00e9m e prega uni\u00e3o de for\u00e7as para derrotar Bolsonaro em 2022"},"content":{"rendered":"\n<p>Acompanhado do governador do Cear\u00e1, Camilo Santana, o ex-presidente Lula (PT) visitou na manh\u00e3 deste s\u00e1bado, dia 21 de agosto, o Complexo Portu\u00e1rio do Pec\u00e9m, em S\u00e3o Gon\u00e7alo do Amarante. Depois de conhecer os investimentos que v\u00eam sendo feitos pelo Governo do Estado no complexo, Lula concedeu uma entrevista coletiva para os jornalistas. Questionado sobre o clima de instabilidade pol\u00edtica no Pa\u00eds, Lula deixou claro que \u00e9 preciso unir for\u00e7as para derrotar Jair Bolsonaro nas elei\u00e7\u00f5es do pr\u00f3ximo ano. &#8220;Estou disposto a conversar com todos os setores. Buscar um novo projeto para este Pa\u00eds. \u00c9 preciso menos \u00f3dio e mais disposi\u00e7\u00e3o para governar&#8221;, destacou o petista, que ficar\u00e1 no Cear\u00e1 at\u00e9 a pr\u00f3xima segunda-feira, dia 23. <\/p>\n\n\n\n<p>Lula ainda ter\u00e1 outros encontros pol\u00edticos no Cear\u00e1 com lideran\u00e7as partid\u00e1rias e tamb\u00e9m movimentos sociais. Entre os encontros previstos est\u00e1 uma conversa com o ex-senador Eun\u00edcio Oliveira (MDB).<\/p>\n\n\n\n<p>Na pauta, Lula deve tratar de como vai ficar o palanque no Cear\u00e1 para 2022. O governador Camilo Santana, que \u00e9 do PT, tamb\u00e9m tem o apoio dos irm\u00e3os Ciro e Cid Ferreira Gomes (PDT). As articula\u00e7\u00f5es preliminares s\u00e3o de que o PDT poder\u00e1 ter a cabe\u00e7a de chapa para o Governo do Cear\u00e1 em 2022, enquanto Camilo poder\u00e1 concorrer a \u00fanica vaga ao Senado. &#8220;O Camilo t\u00e1 com cara de senador, mas resta saber se ele quer&#8221;, brincou Lula na coletiva.<\/p>\n\n\n\n<p>Ciro Gomes \u00e9 pr\u00e9 candidato \u00e0 Presid\u00eancia da Rep\u00fablica pelo PDT. Assim, Lula e Ciro teriam palanques separados no Cear\u00e1, mas sem ataques um ao outro no Estado. At\u00e9 l\u00e1, no entanto, muita negocia\u00e7\u00e3o deve ser feita para convencer alas do PT que s\u00e3o favor\u00e1veis que o partido tenha candidato pr\u00f3prio ao Governo Estadual. &#8220;O PT vai conversar com todos&#8221;, garantiu.<\/p>\n\n\n\n<p>Lula refor\u00e7ou, no entanto, que &#8220;h\u00e1 uma vis\u00e3o da sociedade que \u00e9 preciso derrotar o Bolsonaro e tir\u00e1-lo da pol\u00edtica, seja pelo impeachment ou pela elei\u00e7\u00e3o&#8230;eu sendo candidato ou n\u00e3o, qualquer um que for para o segundo turno com Bolsonaro, eu estarei do lado desse qualquer um&#8221;.<\/p>\n\n\n\n<figure class=\"wp-block-image size-large\"><img loading=\"lazy\" decoding=\"async\" width=\"1024\" height=\"684\" src=\"https:\/\/blogdorogeriogomes.com.br\/wp-content\/uploads\/2021\/08\/IMG-20210821-WA0055-1024x684.jpg\" alt=\"\" class=\"wp-image-22448\" srcset=\"https:\/\/blogdorogeriogomes.com.br\/noticias\/wp-content\/uploads\/2021\/08\/IMG-20210821-WA0055-1024x684.jpg 1024w, https:\/\/blogdorogeriogomes.com.br\/noticias\/wp-content\/uploads\/2021\/08\/IMG-20210821-WA0055-300x200.jpg 300w, https:\/\/blogdorogeriogomes.com.br\/noticias\/wp-content\/uploads\/2021\/08\/IMG-20210821-WA0055-768x513.jpg 768w, https:\/\/blogdorogeriogomes.com.br\/noticias\/wp-content\/uploads\/2021\/08\/IMG-20210821-WA0055-1536x1025.jpg 1536w, https:\/\/blogdorogeriogomes.com.br\/noticias\/wp-content\/uploads\/2021\/08\/IMG-20210821-WA0055-800x534.jpg 800w, https:\/\/blogdorogeriogomes.com.br\/noticias\/wp-content\/uploads\/2021\/08\/IMG-20210821-WA0055.jpg 1600w\" sizes=\"auto, (max-width: 1024px) 100vw, 1024px\" \/><\/figure>\n","protected":false},"excerpt":{"rendered":"<p>Acompanhado do governador do Cear\u00e1, Camilo Santana, o ex-presidente Lula (PT) visitou na manh\u00e3 deste s\u00e1bado, dia 21 de agosto, o Complexo Portu\u00e1rio do Pec\u00e9m, em S\u00e3o Gon\u00e7alo do Amarante. Depois de conhecer os investimentos que v\u00eam sendo feitos pelo Governo do Estado no complexo, Lula concedeu uma entrevista coletiva para os jornalistas. Questionado sobre o clima de instabilidade pol\u00edtica no Pa\u00eds, Lula deixou claro que \u00e9 preciso unir for\u00e7as para derrotar Jair Bolsonaro nas elei\u00e7\u00f5es do pr\u00f3ximo ano.&hellip;<\/p>\n","protected":false},"author":1,"featured_media":22448,"comment_status":"open","ping_status":"open","sticky":false,"template":"","format":"standard","meta":{"footnotes":""},"categories":[1],"tags":[],"class_list":["post-22447","post","type-post","status-publish","format-standard","has-post-thumbnail","hentry","category-noticias"],"_links":{"self":[{"href":"https:\/\/blogdorogeriogomes.com.br\/noticias\/wp-json\/wp\/v2\/posts\/22447","targetHints":{"allow":["GET"]}}],"collection":[{"href":"https:\/\/blogdorogeriogomes.com.br\/noticias\/wp-json\/wp\/v2\/posts"}],"about":[{"href":"https:\/\/blogdorogeriogomes.com.br\/noticias\/wp-json\/wp\/v2\/types\/post"}],"author":[{"embeddable":true,"href":"https:\/\/blogdorogeriogomes.com.br\/noticias\/wp-json\/wp\/v2\/users\/1"}],"replies":[{"embeddable":true,"href":"https:\/\/blogdorogeriogomes.com.br\/noticias\/wp-json\/wp\/v2\/comments?post=22447"}],"version-history":[{"count":1,"href":"https:\/\/blogdorogeriogomes.com.br\/noticias\/wp-json\/wp\/v2\/posts\/22447\/revisions"}],"predecessor-version":[{"id":22449,"href":"https:\/\/blogdorogeriogomes.com.br\/noticias\/wp-json\/wp\/v2\/posts\/22447\/revisions\/22449"}],"wp:featuredmedia":[{"embeddable":true,"href":"https:\/\/blogdorogeriogomes.com.br\/noticias\/wp-json\/wp\/v2\/media\/22448"}],"wp:attachment":[{"href":"https:\/\/blogdorogeriogomes.com.br\/noticias\/wp-json\/wp\/v2\/media?parent=22447"}],"wp:term":[{"taxonomy":"category","embeddable":true,"href":"https:\/\/blogdorogeriogomes.com.br\/noticias\/wp-json\/wp\/v2\/categories?post=22447"},{"taxonomy":"post_tag","embeddable":true,"href":"https:\/\/blogdorogeriogomes.com.br\/noticias\/wp-json\/wp\/v2\/tags?post=22447"}],"curies":[{"name":"wp","href":"https:\/\/api.w.org\/{rel}","templated":true}]}}