{"id":22450,"date":"2021-08-23T09:59:18","date_gmt":"2021-08-23T09:59:18","guid":{"rendered":"https:\/\/blogdorogeriogomes.com.br\/?p=22450"},"modified":"2021-08-23T11:56:15","modified_gmt":"2021-08-23T11:56:15","slug":"novo-decreto-estadual-autoriza-eventos-culturais-em-equipamentos-publicos-no-ceara","status":"publish","type":"post","link":"https:\/\/blogdorogeriogomes.com.br\/noticias\/2021\/08\/novo-decreto-estadual-autoriza-eventos-culturais-em-equipamentos-publicos-no-ceara\/","title":{"rendered":"Novo decreto estadual autoriza eventos culturais em equipamentos p\u00fablicos no Cear\u00e1"},"content":{"rendered":"\n<p>O novo decreto estadual de enfrentamento \u00e0 pandemia da Covid-19, que entra em vigor nesta segunda-feira, dia 23 de agosto, autoriza realiza\u00e7\u00e3o de eventos culturais em equipamentos p\u00fablicos do Cear\u00e1. O novo decreto tem validade at\u00e9 o pr\u00f3ximo dia 5 de setembro.<\/p>\n\n\n\n<p>Os eventos culturais devem seguir as mesmas regras dos eventos sociais, ficando limitados a 200 pessoas em ambiente aberto e 100 em locais fechados. <\/p>\n\n\n\n<p>No novo decreto, que passa a vigorar hoje, tamb\u00e9m autoriza o funcionamento de restaurantes e barracas de praia at\u00e9 meia-noite. O toque de recolher passa a valer de 1 a 5 horas da manh\u00e3.<\/p>\n\n\n\n<figure class=\"wp-block-image size-large\"><img loading=\"lazy\" decoding=\"async\" width=\"639\" height=\"480\" src=\"https:\/\/blogdorogeriogomes.com.br\/wp-content\/uploads\/2021\/08\/images-12.jpeg\" alt=\"\" class=\"wp-image-22451\" srcset=\"https:\/\/blogdorogeriogomes.com.br\/noticias\/wp-content\/uploads\/2021\/08\/images-12.jpeg 639w, https:\/\/blogdorogeriogomes.com.br\/noticias\/wp-content\/uploads\/2021\/08\/images-12-300x225.jpeg 300w, https:\/\/blogdorogeriogomes.com.br\/noticias\/wp-content\/uploads\/2021\/08\/images-12-400x300.jpeg 400w\" sizes=\"auto, (max-width: 639px) 100vw, 639px\" \/><\/figure>\n","protected":false},"excerpt":{"rendered":"<p>O novo decreto estadual de enfrentamento \u00e0 pandemia da Covid-19, que entra em vigor nesta segunda-feira, dia 23 de agosto, autoriza realiza\u00e7\u00e3o de eventos culturais em equipamentos p\u00fablicos do Cear\u00e1. O novo decreto tem validade at\u00e9 o pr\u00f3ximo dia 5 de setembro. Os eventos culturais devem seguir as mesmas regras dos eventos sociais, ficando limitados a 200 pessoas em ambiente aberto e 100 em locais fechados. No novo decreto, que passa a vigorar hoje, tamb\u00e9m autoriza o funcionamento de&hellip;<\/p>\n","protected":false},"author":1,"featured_media":22451,"comment_status":"open","ping_status":"open","sticky":false,"template":"","format":"standard","meta":{"footnotes":""},"categories":[1],"tags":[],"class_list":["post-22450","post","type-post","status-publish","format-standard","has-post-thumbnail","hentry","category-noticias"],"_links":{"self":[{"href":"https:\/\/blogdorogeriogomes.com.br\/noticias\/wp-json\/wp\/v2\/posts\/22450","targetHints":{"allow":["GET"]}}],"collection":[{"href":"https:\/\/blogdorogeriogomes.com.br\/noticias\/wp-json\/wp\/v2\/posts"}],"about":[{"href":"https:\/\/blogdorogeriogomes.com.br\/noticias\/wp-json\/wp\/v2\/types\/post"}],"author":[{"embeddable":true,"href":"https:\/\/blogdorogeriogomes.com.br\/noticias\/wp-json\/wp\/v2\/users\/1"}],"replies":[{"embeddable":true,"href":"https:\/\/blogdorogeriogomes.com.br\/noticias\/wp-json\/wp\/v2\/comments?post=22450"}],"version-history":[{"count":1,"href":"https:\/\/blogdorogeriogomes.com.br\/noticias\/wp-json\/wp\/v2\/posts\/22450\/revisions"}],"predecessor-version":[{"id":22452,"href":"https:\/\/blogdorogeriogomes.com.br\/noticias\/wp-json\/wp\/v2\/posts\/22450\/revisions\/22452"}],"wp:featuredmedia":[{"embeddable":true,"href":"https:\/\/blogdorogeriogomes.com.br\/noticias\/wp-json\/wp\/v2\/media\/22451"}],"wp:attachment":[{"href":"https:\/\/blogdorogeriogomes.com.br\/noticias\/wp-json\/wp\/v2\/media?parent=22450"}],"wp:term":[{"taxonomy":"category","embeddable":true,"href":"https:\/\/blogdorogeriogomes.com.br\/noticias\/wp-json\/wp\/v2\/categories?post=22450"},{"taxonomy":"post_tag","embeddable":true,"href":"https:\/\/blogdorogeriogomes.com.br\/noticias\/wp-json\/wp\/v2\/tags?post=22450"}],"curies":[{"name":"wp","href":"https:\/\/api.w.org\/{rel}","templated":true}]}}