{"id":22454,"date":"2021-08-23T10:26:32","date_gmt":"2021-08-23T10:26:32","guid":{"rendered":"https:\/\/blogdorogeriogomes.com.br\/?p=22454"},"modified":"2021-08-23T11:56:29","modified_gmt":"2021-08-23T11:56:29","slug":"semana-no-congresso-tem-analise-do-fundo-eleitoral-e-sabatina-de-augusto-aras","status":"publish","type":"post","link":"https:\/\/blogdorogeriogomes.com.br\/noticias\/2021\/08\/semana-no-congresso-tem-analise-do-fundo-eleitoral-e-sabatina-de-augusto-aras\/","title":{"rendered":"Semana no Congresso tem an\u00e1lise do fundo eleitoral e sabatina de Augusto Aras"},"content":{"rendered":"\n<p>A semana come\u00e7a movimentada no Congresso Nacional. Depois do presidente Jair Bolsonaro vetar um trecho da Lei de Diretrizes Or\u00e7ament\u00e1rias (LDO) que destinava cerca de R$ 5,7 bilh\u00f5es ao Fundo Eleitoral, parlamentares do Congresso Nacional se mobilizaram para garantir ao menos R$ 4 bilh\u00f5es para as campanhas de 2022. A interlocutores, o presidente da C\u00e2mara dos Deputados, Arthur Lira (PP-AL), sinalizou que os deputados n\u00e3o trabalham com valor menor. O valor \u00e9 mais que o dobro do custo das elei\u00e7\u00f5es gerais de 2018, quando as legendas tiveram R$ 1,7 bilh\u00e3o \u00e0 disposi\u00e7\u00e3o.<\/p>\n\n\n\n<p>Para esta ter\u00e7a-feira, dia 24, o Senado realiza a sabatina do procurador-geral Augusto Aras na Comiss\u00e3o de Constitui\u00e7\u00e3o e Justi\u00e7a (CCJ). Aras est\u00e1 sendo indicado para mais dois anos \u00e0 frente da Procuradoria-Geral da Rep\u00fablica (PGR), mas vem recebendo cr\u00edticas de v\u00e1rios setores por sua omiss\u00e3o em ataques feitos por Bolsonaro ao STF e \u00e0 democracia.<\/p>\n\n\n\n<figure class=\"wp-block-image size-large\"><img loading=\"lazy\" decoding=\"async\" width=\"1024\" height=\"492\" src=\"https:\/\/blogdorogeriogomes.com.br\/wp-content\/uploads\/2021\/08\/20210812160816_f585f1dff2030bf22976e4773cef2578409d50b6992600b10b96f04e5f512017-1024x492.jpg\" alt=\"\" class=\"wp-image-22455\" srcset=\"https:\/\/blogdorogeriogomes.com.br\/noticias\/wp-content\/uploads\/2021\/08\/20210812160816_f585f1dff2030bf22976e4773cef2578409d50b6992600b10b96f04e5f512017-1024x492.jpg 1024w, https:\/\/blogdorogeriogomes.com.br\/noticias\/wp-content\/uploads\/2021\/08\/20210812160816_f585f1dff2030bf22976e4773cef2578409d50b6992600b10b96f04e5f512017-300x144.jpg 300w, https:\/\/blogdorogeriogomes.com.br\/noticias\/wp-content\/uploads\/2021\/08\/20210812160816_f585f1dff2030bf22976e4773cef2578409d50b6992600b10b96f04e5f512017-768x369.jpg 768w, https:\/\/blogdorogeriogomes.com.br\/noticias\/wp-content\/uploads\/2021\/08\/20210812160816_f585f1dff2030bf22976e4773cef2578409d50b6992600b10b96f04e5f512017-800x384.jpg 800w, https:\/\/blogdorogeriogomes.com.br\/noticias\/wp-content\/uploads\/2021\/08\/20210812160816_f585f1dff2030bf22976e4773cef2578409d50b6992600b10b96f04e5f512017.jpg 1250w\" sizes=\"auto, (max-width: 1024px) 100vw, 1024px\" \/><\/figure>\n\n\n\n<p><\/p>\n","protected":false},"excerpt":{"rendered":"<p>A semana come\u00e7a movimentada no Congresso Nacional. Depois do presidente Jair Bolsonaro vetar um trecho da Lei de Diretrizes Or\u00e7ament\u00e1rias (LDO) que destinava cerca de R$ 5,7 bilh\u00f5es ao Fundo Eleitoral, parlamentares do Congresso Nacional se mobilizaram para garantir ao menos R$ 4 bilh\u00f5es para as campanhas de 2022. A interlocutores, o presidente da C\u00e2mara dos Deputados, Arthur Lira (PP-AL), sinalizou que os deputados n\u00e3o trabalham com valor menor. O valor \u00e9 mais que o dobro do custo das&hellip;<\/p>\n","protected":false},"author":1,"featured_media":22455,"comment_status":"open","ping_status":"open","sticky":false,"template":"","format":"standard","meta":{"footnotes":""},"categories":[1],"tags":[],"class_list":["post-22454","post","type-post","status-publish","format-standard","has-post-thumbnail","hentry","category-noticias"],"_links":{"self":[{"href":"https:\/\/blogdorogeriogomes.com.br\/noticias\/wp-json\/wp\/v2\/posts\/22454","targetHints":{"allow":["GET"]}}],"collection":[{"href":"https:\/\/blogdorogeriogomes.com.br\/noticias\/wp-json\/wp\/v2\/posts"}],"about":[{"href":"https:\/\/blogdorogeriogomes.com.br\/noticias\/wp-json\/wp\/v2\/types\/post"}],"author":[{"embeddable":true,"href":"https:\/\/blogdorogeriogomes.com.br\/noticias\/wp-json\/wp\/v2\/users\/1"}],"replies":[{"embeddable":true,"href":"https:\/\/blogdorogeriogomes.com.br\/noticias\/wp-json\/wp\/v2\/comments?post=22454"}],"version-history":[{"count":1,"href":"https:\/\/blogdorogeriogomes.com.br\/noticias\/wp-json\/wp\/v2\/posts\/22454\/revisions"}],"predecessor-version":[{"id":22456,"href":"https:\/\/blogdorogeriogomes.com.br\/noticias\/wp-json\/wp\/v2\/posts\/22454\/revisions\/22456"}],"wp:featuredmedia":[{"embeddable":true,"href":"https:\/\/blogdorogeriogomes.com.br\/noticias\/wp-json\/wp\/v2\/media\/22455"}],"wp:attachment":[{"href":"https:\/\/blogdorogeriogomes.com.br\/noticias\/wp-json\/wp\/v2\/media?parent=22454"}],"wp:term":[{"taxonomy":"category","embeddable":true,"href":"https:\/\/blogdorogeriogomes.com.br\/noticias\/wp-json\/wp\/v2\/categories?post=22454"},{"taxonomy":"post_tag","embeddable":true,"href":"https:\/\/blogdorogeriogomes.com.br\/noticias\/wp-json\/wp\/v2\/tags?post=22454"}],"curies":[{"name":"wp","href":"https:\/\/api.w.org\/{rel}","templated":true}]}}