{"id":22458,"date":"2021-08-23T19:56:07","date_gmt":"2021-08-23T19:56:07","guid":{"rendered":"https:\/\/blogdorogeriogomes.com.br\/?p=22458"},"modified":"2021-08-24T11:10:51","modified_gmt":"2021-08-24T11:10:51","slug":"ceara-vai-comecar-a-vacinar-adolescentes-entre-12-e-17-anos-ate-proximo-fim-de-semana","status":"publish","type":"post","link":"https:\/\/blogdorogeriogomes.com.br\/noticias\/2021\/08\/ceara-vai-comecar-a-vacinar-adolescentes-entre-12-e-17-anos-ate-proximo-fim-de-semana\/","title":{"rendered":"Cear\u00e1 vai come\u00e7ar a vacinar adolescentes entre 12 e 17 anos at\u00e9 pr\u00f3ximo fim de semana"},"content":{"rendered":"\n<p>A Secretaria de Sa\u00fade do Cear\u00e1 estima que vai come\u00e7ar a vacinar adolescentes entre 12 e 17 anos contra Covid-19 at\u00e9 o pr\u00f3ximo fim de semana, quando todos os munic\u00edpios devem finalizar a imuniza\u00e7\u00e3o com a primeira dose de toda a popula\u00e7\u00e3o adulta cadastrada.<\/p>\n\n\n\n<p>Os adolescentes a serem beneficiados com a vacina devem realizar o cadastro no aplicativo Sa\u00fade Digital. Para realizar o cadastro, \u00e9 preciso informar nome completo, CPF, data de nascimento, ra\u00e7a, n\u00famero do cart\u00e3o nacional de sa\u00fade e telefone para contato. Em Fortaleza, a Secretaria de Sa\u00fade do Munic\u00edpio j\u00e1 se organiza para agendar a vacina\u00e7\u00e3o dessa faixa et\u00e1ria.<\/p>\n\n\n\n<p>Cerca de 387 mil adolescentes na faixa et\u00e1ria entre 12 e 17 anos no Cear\u00e1 j\u00e1 fizeram o cadastro no Sa\u00fade Digital. O&nbsp;imunizante da Pfizer \u00e9 o \u00fanico autorizado pela Ag\u00eancia Nacional de Vigil\u00e2ncia Sanit\u00e1ria (Anvisa) para este p\u00fablico.<\/p>\n\n\n\n<p>Nesta segunda-feira, dia 23 de agosto, chegou ao Cear\u00e1, um lote com 152.420 doses da AstraZeneca\/Fiocruz, que ser\u00e3o destinadas para aplica\u00e7\u00e3o da segunda dose (D2) na imuniza\u00e7\u00e3o da popula\u00e7\u00e3o cearense. No domingo, dia 22, o Estado recebeu 194.510 doses de imunizantes, sendo 97.400 CoronaVac e 97.110 Pfizer.<\/p>\n\n\n\n<figure class=\"wp-block-image size-large\"><img loading=\"lazy\" decoding=\"async\" width=\"984\" height=\"656\" src=\"https:\/\/blogdorogeriogomes.com.br\/wp-content\/uploads\/2021\/08\/whatsapp-image-2021-06-18-at-20.24.48.jpeg\" alt=\"\" class=\"wp-image-22459\" srcset=\"https:\/\/blogdorogeriogomes.com.br\/noticias\/wp-content\/uploads\/2021\/08\/whatsapp-image-2021-06-18-at-20.24.48.jpeg 984w, https:\/\/blogdorogeriogomes.com.br\/noticias\/wp-content\/uploads\/2021\/08\/whatsapp-image-2021-06-18-at-20.24.48-300x200.jpeg 300w, https:\/\/blogdorogeriogomes.com.br\/noticias\/wp-content\/uploads\/2021\/08\/whatsapp-image-2021-06-18-at-20.24.48-768x512.jpeg 768w, https:\/\/blogdorogeriogomes.com.br\/noticias\/wp-content\/uploads\/2021\/08\/whatsapp-image-2021-06-18-at-20.24.48-800x533.jpeg 800w\" sizes=\"auto, (max-width: 984px) 100vw, 984px\" \/><\/figure>\n","protected":false},"excerpt":{"rendered":"<p>A Secretaria de Sa\u00fade do Cear\u00e1 estima que vai come\u00e7ar a vacinar adolescentes entre 12 e 17 anos contra Covid-19 at\u00e9 o pr\u00f3ximo fim de semana, quando todos os munic\u00edpios devem finalizar a imuniza\u00e7\u00e3o com a primeira dose de toda a popula\u00e7\u00e3o adulta cadastrada. Os adolescentes a serem beneficiados com a vacina devem realizar o cadastro no aplicativo Sa\u00fade Digital. Para realizar o cadastro, \u00e9 preciso informar nome completo, CPF, data de nascimento, ra\u00e7a, n\u00famero do cart\u00e3o nacional de&hellip;<\/p>\n","protected":false},"author":1,"featured_media":22459,"comment_status":"open","ping_status":"open","sticky":false,"template":"","format":"standard","meta":{"footnotes":""},"categories":[1],"tags":[],"class_list":["post-22458","post","type-post","status-publish","format-standard","has-post-thumbnail","hentry","category-noticias"],"_links":{"self":[{"href":"https:\/\/blogdorogeriogomes.com.br\/noticias\/wp-json\/wp\/v2\/posts\/22458","targetHints":{"allow":["GET"]}}],"collection":[{"href":"https:\/\/blogdorogeriogomes.com.br\/noticias\/wp-json\/wp\/v2\/posts"}],"about":[{"href":"https:\/\/blogdorogeriogomes.com.br\/noticias\/wp-json\/wp\/v2\/types\/post"}],"author":[{"embeddable":true,"href":"https:\/\/blogdorogeriogomes.com.br\/noticias\/wp-json\/wp\/v2\/users\/1"}],"replies":[{"embeddable":true,"href":"https:\/\/blogdorogeriogomes.com.br\/noticias\/wp-json\/wp\/v2\/comments?post=22458"}],"version-history":[{"count":2,"href":"https:\/\/blogdorogeriogomes.com.br\/noticias\/wp-json\/wp\/v2\/posts\/22458\/revisions"}],"predecessor-version":[{"id":22475,"href":"https:\/\/blogdorogeriogomes.com.br\/noticias\/wp-json\/wp\/v2\/posts\/22458\/revisions\/22475"}],"wp:featuredmedia":[{"embeddable":true,"href":"https:\/\/blogdorogeriogomes.com.br\/noticias\/wp-json\/wp\/v2\/media\/22459"}],"wp:attachment":[{"href":"https:\/\/blogdorogeriogomes.com.br\/noticias\/wp-json\/wp\/v2\/media?parent=22458"}],"wp:term":[{"taxonomy":"category","embeddable":true,"href":"https:\/\/blogdorogeriogomes.com.br\/noticias\/wp-json\/wp\/v2\/categories?post=22458"},{"taxonomy":"post_tag","embeddable":true,"href":"https:\/\/blogdorogeriogomes.com.br\/noticias\/wp-json\/wp\/v2\/tags?post=22458"}],"curies":[{"name":"wp","href":"https:\/\/api.w.org\/{rel}","templated":true}]}}