{"id":22464,"date":"2021-08-23T20:51:02","date_gmt":"2021-08-23T20:51:02","guid":{"rendered":"https:\/\/blogdorogeriogomes.com.br\/?p=22464"},"modified":"2021-08-24T11:11:11","modified_gmt":"2021-08-24T11:11:11","slug":"governadores-discutem-tensao-politica-e-cobram-reuniao-para-pressionar-jair-bolsonaro-a-baixar-o-tom-contra-outros-poderes","status":"publish","type":"post","link":"https:\/\/blogdorogeriogomes.com.br\/noticias\/2021\/08\/governadores-discutem-tensao-politica-e-cobram-reuniao-para-pressionar-jair-bolsonaro-a-baixar-o-tom-contra-outros-poderes\/","title":{"rendered":"Governadores discutem tens\u00e3o pol\u00edtica e cobram reuni\u00e3o para pressionar Jair Bolsonaro a baixar o tom contra outros poderes"},"content":{"rendered":"\n<p>Governadores de 24 estados e mais o Distrito Federal, entre eles, Camilo Santana, do Cear\u00e1, realizaram uma reuni\u00e3o nesta segunda-feira, dia 23 de agosto, em Bras\u00edlia, e decidiram atuar de forma conjunta para intervir na tens\u00e3o entre o Pal\u00e1cio do Planalto e o STF. Eles cobram uma reuni\u00e3o com o Jair Bolsonaro na pr\u00f3xima semana para pressionar o presidente a baixar o tom contra outros poderes. &#8220;Precisamos de um ambiente de paz, de serenidade, onde possamos garantir a forma de valoriza\u00e7\u00e3o da democracia, mas principalmente criar um ambiente de confian\u00e7a que permita atra\u00e7\u00e3o de investimentos, gera\u00e7\u00e3o de empregos e renda\u201d, disse o governador do Piau\u00ed, Wellington Dias (PT), que \u00e9 o coordenador do F\u00f3rum de Governadores.<\/p>\n\n\n\n<p>Os pedidos de reuni\u00e3o tamb\u00e9m ser\u00e3o encaminhados aos presidentes da C\u00e2mara e do Senado, Arthur Lira (PP-AL) e Rodrigo Pacheco (DEM-MG), respectivamente, e tamb\u00e9m para o presidente do STF, ministro Luiz Fux.<\/p>\n\n\n\n<figure class=\"wp-block-image size-large\"><img loading=\"lazy\" decoding=\"async\" width=\"1024\" height=\"683\" src=\"https:\/\/blogdorogeriogomes.com.br\/wp-content\/uploads\/2021\/08\/16297315606123bae8bcacd_1629731560_3x2_lg.jpg\" alt=\"\" class=\"wp-image-22465\" srcset=\"https:\/\/blogdorogeriogomes.com.br\/noticias\/wp-content\/uploads\/2021\/08\/16297315606123bae8bcacd_1629731560_3x2_lg.jpg 1024w, https:\/\/blogdorogeriogomes.com.br\/noticias\/wp-content\/uploads\/2021\/08\/16297315606123bae8bcacd_1629731560_3x2_lg-300x200.jpg 300w, https:\/\/blogdorogeriogomes.com.br\/noticias\/wp-content\/uploads\/2021\/08\/16297315606123bae8bcacd_1629731560_3x2_lg-768x512.jpg 768w, https:\/\/blogdorogeriogomes.com.br\/noticias\/wp-content\/uploads\/2021\/08\/16297315606123bae8bcacd_1629731560_3x2_lg-800x534.jpg 800w\" sizes=\"auto, (max-width: 1024px) 100vw, 1024px\" \/><\/figure>\n\n\n\n<p><br><\/p>\n","protected":false},"excerpt":{"rendered":"<p>Governadores de 24 estados e mais o Distrito Federal, entre eles, Camilo Santana, do Cear\u00e1, realizaram uma reuni\u00e3o nesta segunda-feira, dia 23 de agosto, em Bras\u00edlia, e decidiram atuar de forma conjunta para intervir na tens\u00e3o entre o Pal\u00e1cio do Planalto e o STF. Eles cobram uma reuni\u00e3o com o Jair Bolsonaro na pr\u00f3xima semana para pressionar o presidente a baixar o tom contra outros poderes. &#8220;Precisamos de um ambiente de paz, de serenidade, onde possamos garantir a forma&hellip;<\/p>\n","protected":false},"author":1,"featured_media":22465,"comment_status":"open","ping_status":"open","sticky":false,"template":"","format":"standard","meta":{"footnotes":""},"categories":[1],"tags":[],"class_list":["post-22464","post","type-post","status-publish","format-standard","has-post-thumbnail","hentry","category-noticias"],"_links":{"self":[{"href":"https:\/\/blogdorogeriogomes.com.br\/noticias\/wp-json\/wp\/v2\/posts\/22464","targetHints":{"allow":["GET"]}}],"collection":[{"href":"https:\/\/blogdorogeriogomes.com.br\/noticias\/wp-json\/wp\/v2\/posts"}],"about":[{"href":"https:\/\/blogdorogeriogomes.com.br\/noticias\/wp-json\/wp\/v2\/types\/post"}],"author":[{"embeddable":true,"href":"https:\/\/blogdorogeriogomes.com.br\/noticias\/wp-json\/wp\/v2\/users\/1"}],"replies":[{"embeddable":true,"href":"https:\/\/blogdorogeriogomes.com.br\/noticias\/wp-json\/wp\/v2\/comments?post=22464"}],"version-history":[{"count":1,"href":"https:\/\/blogdorogeriogomes.com.br\/noticias\/wp-json\/wp\/v2\/posts\/22464\/revisions"}],"predecessor-version":[{"id":22466,"href":"https:\/\/blogdorogeriogomes.com.br\/noticias\/wp-json\/wp\/v2\/posts\/22464\/revisions\/22466"}],"wp:featuredmedia":[{"embeddable":true,"href":"https:\/\/blogdorogeriogomes.com.br\/noticias\/wp-json\/wp\/v2\/media\/22465"}],"wp:attachment":[{"href":"https:\/\/blogdorogeriogomes.com.br\/noticias\/wp-json\/wp\/v2\/media?parent=22464"}],"wp:term":[{"taxonomy":"category","embeddable":true,"href":"https:\/\/blogdorogeriogomes.com.br\/noticias\/wp-json\/wp\/v2\/categories?post=22464"},{"taxonomy":"post_tag","embeddable":true,"href":"https:\/\/blogdorogeriogomes.com.br\/noticias\/wp-json\/wp\/v2\/tags?post=22464"}],"curies":[{"name":"wp","href":"https:\/\/api.w.org\/{rel}","templated":true}]}}